{"id":110325,"date":"2017-09-23T07:42:01","date_gmt":"2017-09-23T06:42:01","guid":{"rendered":"http:\/\/zakrasnejsivimperk.cz\/?p=110325"},"modified":"2017-09-23T08:46:45","modified_gmt":"2017-09-23T07:46:45","slug":"bydlet-cz-den-architektury-zve-pristi-vikend-na-210-akci-v-67-mistech-take-ve-vimperku-pripravili-program","status":"publish","type":"post","link":"https:\/\/zakrasnejsivimperk.cz\/?p=110325","title":{"rendered":"BYDLET: Den architektury zve p\u0159\u00ed\u0161t\u00ed v\u00edkend na 210 akc\u00ed v 67 m\u00edstech. Tak\u00e9 ve Vimperku p\u0159ipravili program"},"content":{"rendered":"<h6><b><img loading=\"lazy\" decoding=\"async\" class=\"size-medium wp-image-110326 alignright\" src=\"http:\/\/zakrasnejsivimperk.cz\/wp-content\/uploads\/2017\/09\/21\/bydlet-cz-logo-300x83.jpg\" alt=\"\" width=\"300\" height=\"83\" srcset=\"https:\/\/zakrasnejsivimperk.cz\/wp-content\/uploads\/2017\/09\/21\/bydlet-cz-logo-300x83.jpg 300w, https:\/\/zakrasnejsivimperk.cz\/wp-content\/uploads\/2017\/09\/21\/bydlet-cz-logo.jpg 664w\" sizes=\"(max-width: 300px) 100vw, 300px\" \/>Od Plzn\u011b po Ostravu, od Liberce po \u010cesk\u00fd Krumlov \u010di Hodon\u00edn \u2013 Den Architektury ji\u017e p\u0159\u00ed\u0161t\u00ed t\u00fdden, o v\u00edkendu 30. 9. a 1.10., zve \u0161irokou ve\u0159ejnost v t\u00e9m\u011b\u0159 70 m\u011bstech a obc\u00edch po cel\u00e9 \u010cesk\u00e9 republice na bohat\u00fd program: p\u0159es 200 architekt\u016f a odborn\u00edk\u016f v rol\u00edch pr\u016fvodc\u016f p\u0159ichystalo na 210 akc\u00ed. Komentovan\u00e9 proch\u00e1zky poodhal\u00ed zapomenutou historii m\u00edst, je\u017e denn\u011b m\u00edj\u00edme, umo\u017en\u00ed nahl\u00e9dnout do budoucnosti m\u011bst a jejich \u010d\u00e1st\u00ed i pod\u00edvat se na sv\u00e9 okol\u00ed zcela nov\u00fdma o\u010dima. \u00da\u010dastn\u00edci budou moci prozkoumat tajemn\u00e9 i opom\u00edjen\u00e9 stavby, poznat bl\u00ed\u017ee ve\u0159ejnosti nep\u0159\u00edstupn\u00e9 architektonick\u00e9 skvosty i nahl\u00e9dnout do \u00fatrob nejmodern\u011bj\u0161\u00edch staveb, kter\u00e9 tvo\u0159\u00ed sou\u010dasnou tv\u00e1\u0159 metropol\u00ed. \u0158ada proch\u00e1zek po cel\u00e9 republice tak\u00e9 povede po nominovan\u00fdch objektech na leto\u0161n\u00ed \u010ceskou cenu za architekturu.\u00a0<\/b><b>Na programu jsou lety i v\u00fdlety, prohl\u00eddky, plavby, cyklovyj\u00ed\u017edky, besedy \u010di filmov\u00e9 projekce \u2013 v\u011bt\u0161ina programu je pro ve\u0159ejnost op\u011bt zdarma.<\/b><\/h6>\n<h4><a href=\"http:\/\/www.bydlet.cz\/432682-den-architektury-zve-pristi-vikend-na-210-akci-v-67-mistech\/\" target=\"_blank\" rel=\"noopener\">CEL\u00dd \u010cL\u00c1NEK<\/a><\/h4>\n<p>&nbsp;<\/p>\n<p>&nbsp;<\/p>\n","protected":false},"excerpt":{"rendered":"<p>Od Plzn\u011b <\/p>\n","protected":false},"author":2,"featured_media":110328,"comment_status":"open","ping_status":"open","sticky":false,"template":"","format":"gallery","meta":{"footnotes":""},"categories":[18],"tags":[],"jetpack_featured_media_url":"https:\/\/zakrasnejsivimperk.cz\/wp-content\/uploads\/2017\/09\/21\/bydlet-titul.jpg","_links":{"self":[{"href":"https:\/\/zakrasnejsivimperk.cz\/index.php?rest_route=\/wp\/v2\/posts\/110325"}],"collection":[{"href":"https:\/\/zakrasnejsivimperk.cz\/index.php?rest_route=\/wp\/v2\/posts"}],"about":[{"href":"https:\/\/zakrasnejsivimperk.cz\/index.php?rest_route=\/wp\/v2\/types\/post"}],"author":[{"embeddable":true,"href":"https:\/\/zakrasnejsivimperk.cz\/index.php?rest_route=\/wp\/v2\/users\/2"}],"replies":[{"embeddable":true,"href":"https:\/\/zakrasnejsivimperk.cz\/index.php?rest_route=%2Fwp%2Fv2%2Fcomments&post=110325"}],"version-history":[{"count":3,"href":"https:\/\/zakrasnejsivimperk.cz\/index.php?rest_route=\/wp\/v2\/posts\/110325\/revisions"}],"predecessor-version":[{"id":110330,"href":"https:\/\/zakrasnejsivimperk.cz\/index.php?rest_route=\/wp\/v2\/posts\/110325\/revisions\/110330"}],"wp:featuredmedia":[{"embeddable":true,"href":"https:\/\/zakrasnejsivimperk.cz\/index.php?rest_route=\/wp\/v2\/media\/110328"}],"wp:attachment":[{"href":"https:\/\/zakrasnejsivimperk.cz\/index.php?rest_route=%2Fwp%2Fv2%2Fmedia&parent=110325"}],"wp:term":[{"taxonomy":"category","embeddable":true,"href":"https:\/\/zakrasnejsivimperk.cz\/index.php?rest_route=%2Fwp%2Fv2%2Fcategories&post=110325"},{"taxonomy":"post_tag","embeddable":true,"href":"https:\/\/zakrasnejsivimperk.cz\/index.php?rest_route=%2Fwp%2Fv2%2Ftags&post=110325"}],"curies":[{"name":"wp","href":"https:\/\/api.w.org\/{rel}","templated":true}]}}