{"id":11020,"date":"2015-03-07T07:54:58","date_gmt":"2015-03-07T06:54:58","guid":{"rendered":"http:\/\/zakrasnejsivimperk.cz\/?p=11020"},"modified":"2015-03-07T08:01:47","modified_gmt":"2015-03-07T07:01:47","slug":"prachaticky-denik-kazdy-pes-jina-ves-kazda-ves-jina-pravidla-alespon-zatim","status":"publish","type":"post","link":"https:\/\/zakrasnejsivimperk.cz\/?p=11020","title":{"rendered":"PRACHATICK\u00dd DEN\u00cdK: Ka\u017ed\u00fd pes jin\u00e1 ves, ka\u017ed\u00e1 ves jin\u00e1 pravidla"},"content":{"rendered":"<p style=\"text-align: justify;\"><strong>Prachaticko &#8211;\u00a0V\u00a0Prachatic\u00edch je pes bez vod\u00edtka b\u011b\u017en\u00fdm jevem, ve Vimperku to je dle vyhl\u00e1\u0161ky p\u0159estupek.<\/strong><\/p>\n<p style=\"text-align: justify;\">M\u00edt psa neznamen\u00e1 jen radosti, ale tak\u00e9 p\u00e9\u010di a povinnosti. K\u00a0t\u011bm pat\u0159\u00ed i\u00a0to, \u017ee majitel je za psa v\u0161ude a za v\u0161ech okolnost\u00ed zodpov\u011bdn\u00fd. A\u0165 je na vod\u00edtku, nebo, jak se \u0159\u00edk\u00e1, na volno. To plat\u00ed zejm\u00e9na tam, kde voln\u00e9 pob\u00edh\u00e1n\u00ed ps\u016f ne\u0159e\u0161\u00ed obecn\u011b z\u00e1vazn\u00e1 vyhl\u00e1\u0161ka vztahuj\u00edc\u00ed se na zaji\u0161\u0165ov\u00e1n\u00ed ve\u0159ejn\u00e9ho po\u0159\u00e1dku, co\u017e b\u00fdv\u00e1 \u010dast\u00e9 zejm\u00e9na na vs\u00edch a v\u00a0men\u0161\u00edch obc\u00edch.<\/p>\n<p style=\"text-align: justify;\"><strong>Cel\u00fd \u010dl\u00e1nek p\u0159in\u00e1\u0161\u00ed <a href=\"http:\/\/prachaticky.denik.cz\/zpravy_region\/kazdy-pes-jina-ves-kazda-ves-jina-pravidla-alespon-zatim-20150303.html\" target=\"_blank\">PRACHATICK\u00dd DEN\u00cdK<\/a><\/strong><\/p>\n<p style=\"text-align: justify;\">\n","protected":false},"excerpt":{"rendered":"<p>Prachaticko &#8211;\u00a0V\u00a0Prachatic\u00edch <\/p>\n","protected":false},"author":2,"featured_media":9035,"comment_status":"open","ping_status":"open","sticky":false,"template":"","format":"standard","meta":{"footnotes":""},"categories":[18],"tags":[],"jetpack_featured_media_url":"https:\/\/zakrasnejsivimperk.cz\/wp-content\/uploads\/2015\/02\/den\u00edk-prach.jpg","_links":{"self":[{"href":"https:\/\/zakrasnejsivimperk.cz\/index.php?rest_route=\/wp\/v2\/posts\/11020"}],"collection":[{"href":"https:\/\/zakrasnejsivimperk.cz\/index.php?rest_route=\/wp\/v2\/posts"}],"about":[{"href":"https:\/\/zakrasnejsivimperk.cz\/index.php?rest_route=\/wp\/v2\/types\/post"}],"author":[{"embeddable":true,"href":"https:\/\/zakrasnejsivimperk.cz\/index.php?rest_route=\/wp\/v2\/users\/2"}],"replies":[{"embeddable":true,"href":"https:\/\/zakrasnejsivimperk.cz\/index.php?rest_route=%2Fwp%2Fv2%2Fcomments&post=11020"}],"version-history":[{"count":4,"href":"https:\/\/zakrasnejsivimperk.cz\/index.php?rest_route=\/wp\/v2\/posts\/11020\/revisions"}],"predecessor-version":[{"id":11238,"href":"https:\/\/zakrasnejsivimperk.cz\/index.php?rest_route=\/wp\/v2\/posts\/11020\/revisions\/11238"}],"wp:featuredmedia":[{"embeddable":true,"href":"https:\/\/zakrasnejsivimperk.cz\/index.php?rest_route=\/wp\/v2\/media\/9035"}],"wp:attachment":[{"href":"https:\/\/zakrasnejsivimperk.cz\/index.php?rest_route=%2Fwp%2Fv2%2Fmedia&parent=11020"}],"wp:term":[{"taxonomy":"category","embeddable":true,"href":"https:\/\/zakrasnejsivimperk.cz\/index.php?rest_route=%2Fwp%2Fv2%2Fcategories&post=11020"},{"taxonomy":"post_tag","embeddable":true,"href":"https:\/\/zakrasnejsivimperk.cz\/index.php?rest_route=%2Fwp%2Fv2%2Ftags&post=11020"}],"curies":[{"name":"wp","href":"https:\/\/api.w.org\/{rel}","templated":true}]}}