{"id":110038,"date":"2017-09-21T06:23:35","date_gmt":"2017-09-21T05:23:35","guid":{"rendered":"http:\/\/zakrasnejsivimperk.cz\/?p=110038"},"modified":"2017-09-21T06:28:36","modified_gmt":"2017-09-21T05:28:36","slug":"novinky-cz-uz-ani-na-vlastnim-balkone-si-nekde-nezakourite-zakaz-je-velmi-jednoduchy","status":"publish","type":"post","link":"https:\/\/zakrasnejsivimperk.cz\/?p=110038","title":{"rendered":"NOVINKY.CZ: U\u017e ani na vlastn\u00edm balk\u00f3n\u011b si n\u011bkde nezakou\u0159\u00edte, z\u00e1kaz je velmi jednoduch\u00fd. A co tresty?"},"content":{"rendered":"<h6><img loading=\"lazy\" decoding=\"async\" class=\"size-medium wp-image-3530 alignright\" src=\"http:\/\/zakrasnejsivimperk.cz\/wp-content\/uploads\/2014\/12\/novinky.cz_-300x169.jpg\" alt=\"\" width=\"300\" height=\"169\" srcset=\"https:\/\/zakrasnejsivimperk.cz\/wp-content\/uploads\/2014\/12\/novinky.cz_-300x169.jpg 300w, https:\/\/zakrasnejsivimperk.cz\/wp-content\/uploads\/2014\/12\/novinky.cz_.jpg 600w\" sizes=\"(max-width: 300px) 100vw, 300px\" \/>S kou\u0159en\u00edm na lod\u017ei\u00edch maj\u00ed od z\u00e1\u0159\u00ed utrum obyvatel\u00e9 jednoho z\u00a0panelov\u00fdch dom\u016f v\u00a0pra\u017esk\u00fdch Horn\u00edch Po\u010dernic\u00edch. Tamn\u00ed Spole\u010denstv\u00ed vlastn\u00edk\u016f jednotek (SVJ) toti\u017e rozhodlo, \u017ee na lod\u017ei\u00edch a\u00a0balk\u00f3nech se nesm\u00ed kou\u0159it. P\u0159esto\u017ee podle odborn\u00edk\u016f na to maj\u00ed pr\u00e1vo, vymahatelnost trestu je t\u00e9m\u011b\u0159 nulov\u00e1.<\/h6>\n<h4><a href=\"https:\/\/www.novinky.cz\/domaci\/449497-uz-ani-na-vlastnim-balkone-si-nekde-nezakourite-zakaz-je-velmi-jednoduchy.html\" target=\"_blank\" rel=\"noopener\">CEL\u00dd \u010cL\u00c1NEK<\/a><\/h4>\n<p>&nbsp;<\/p>\n<p>&nbsp;<\/p>\n","protected":false},"excerpt":{"rendered":"<p>S kou\u0159en\u00edm <\/p>\n","protected":false},"author":2,"featured_media":3530,"comment_status":"open","ping_status":"open","sticky":false,"template":"","format":"gallery","meta":{"footnotes":""},"categories":[18],"tags":[],"jetpack_featured_media_url":"https:\/\/zakrasnejsivimperk.cz\/wp-content\/uploads\/2014\/12\/novinky.cz_.jpg","_links":{"self":[{"href":"https:\/\/zakrasnejsivimperk.cz\/index.php?rest_route=\/wp\/v2\/posts\/110038"}],"collection":[{"href":"https:\/\/zakrasnejsivimperk.cz\/index.php?rest_route=\/wp\/v2\/posts"}],"about":[{"href":"https:\/\/zakrasnejsivimperk.cz\/index.php?rest_route=\/wp\/v2\/types\/post"}],"author":[{"embeddable":true,"href":"https:\/\/zakrasnejsivimperk.cz\/index.php?rest_route=\/wp\/v2\/users\/2"}],"replies":[{"embeddable":true,"href":"https:\/\/zakrasnejsivimperk.cz\/index.php?rest_route=%2Fwp%2Fv2%2Fcomments&post=110038"}],"version-history":[{"count":7,"href":"https:\/\/zakrasnejsivimperk.cz\/index.php?rest_route=\/wp\/v2\/posts\/110038\/revisions"}],"predecessor-version":[{"id":110307,"href":"https:\/\/zakrasnejsivimperk.cz\/index.php?rest_route=\/wp\/v2\/posts\/110038\/revisions\/110307"}],"wp:featuredmedia":[{"embeddable":true,"href":"https:\/\/zakrasnejsivimperk.cz\/index.php?rest_route=\/wp\/v2\/media\/3530"}],"wp:attachment":[{"href":"https:\/\/zakrasnejsivimperk.cz\/index.php?rest_route=%2Fwp%2Fv2%2Fmedia&parent=110038"}],"wp:term":[{"taxonomy":"category","embeddable":true,"href":"https:\/\/zakrasnejsivimperk.cz\/index.php?rest_route=%2Fwp%2Fv2%2Fcategories&post=110038"},{"taxonomy":"post_tag","embeddable":true,"href":"https:\/\/zakrasnejsivimperk.cz\/index.php?rest_route=%2Fwp%2Fv2%2Ftags&post=110038"}],"curies":[{"name":"wp","href":"https:\/\/api.w.org\/{rel}","templated":true}]}}