{"id":109991,"date":"2017-09-21T21:01:36","date_gmt":"2017-09-21T20:01:36","guid":{"rendered":"http:\/\/zakrasnejsivimperk.cz\/?p=109991"},"modified":"2017-09-21T21:02:15","modified_gmt":"2017-09-21T20:02:15","slug":"denik-e15-ceske-pobocky-kauflandu-a-lidlu-vynesly-bohacovi-z-nemecka-dieteru-schwarzovi-miliardy-korun","status":"publish","type":"post","link":"https:\/\/zakrasnejsivimperk.cz\/?p=109991","title":{"rendered":"DEN\u00cdK E15: \u010cesk\u00e9 pobo\u010dky Kauflandu a Lidlu vynesly boh\u00e1\u010dovi z N\u011bmecka Dieteru Schwarzovi miliardy"},"content":{"rendered":"<h6><img loading=\"lazy\" decoding=\"async\" class=\"size-full wp-image-48551 alignright\" src=\"http:\/\/zakrasnejsivimperk.cz\/wp-content\/uploads\/2016\/02\/21\/Den\u00edk.jpg\" alt=\"\" width=\"287\" height=\"139\" \/>P\u0159eb\u00edr\u00e1n\u00ed ne\u00fasp\u011b\u0161n\u00fdch \u0159et\u011bzc\u016f zat\u00ed\u017eilo v posledn\u00ed dek\u00e1d\u011b v\u00fdsledky v\u011bt\u0161iny tuzemsk\u00fdch \u0159et\u011bzc\u016f. Hospod\u00e1\u0159sky v\u00edt\u011bz\u00ed Kaufland a\u00a0Lidl ze skupiny n\u011bmeck\u00e9ho retailov\u00e9ho magn\u00e1ta Dietera Schwarze.\u00a0Nejv\u011bt\u0161\u00ed bal\u00edk dividend z\u00a0tuzemsk\u00e9ho maloobchodu si za\u00a0posledn\u00edch deset let odnesl nejbohat\u0161\u00ed N\u011bmec Dieter Schwarz. \u0158et\u011bzce\u00a0Kaufland\u00a0a\u00a0Lidl\u00a0mu z\u00a0\u010ceska odvedly 31 miliard korun. Dividendy, je\u017e mate\u0159sk\u00fdm koncern\u016fm pos\u00edl\u00e1 konkurence, jsou podle informac\u00ed z\u00a0v\u00fdro\u010dn\u00edch zpr\u00e1v v\u00fdrazn\u011b huben\u011bj\u0161\u00ed.<\/h6>\n<h4><a href=\"http:\/\/zpravy.e15.cz\/byznys\/obchod-a-sluzby\/ceske-pobocky-kauflandu-a-lidlu-vynesly-bohacovi-z-nemecka-miliardy-1337557\" target=\"_blank\" rel=\"noopener\">CEL\u00dd \u010cL\u00c1NEK<\/a><\/h4>\n<p>&nbsp;<\/p>\n<p>&nbsp;<\/p>\n","protected":false},"excerpt":{"rendered":"<p>P\u0159eb\u00edr\u00e1n\u00ed ne\u00fasp\u011b\u0161n\u00fdch <\/p>\n","protected":false},"author":2,"featured_media":48551,"comment_status":"open","ping_status":"open","sticky":false,"template":"","format":"gallery","meta":{"footnotes":""},"categories":[18],"tags":[],"jetpack_featured_media_url":"https:\/\/zakrasnejsivimperk.cz\/wp-content\/uploads\/2016\/02\/21\/Den\u00edk.jpg","_links":{"self":[{"href":"https:\/\/zakrasnejsivimperk.cz\/index.php?rest_route=\/wp\/v2\/posts\/109991"}],"collection":[{"href":"https:\/\/zakrasnejsivimperk.cz\/index.php?rest_route=\/wp\/v2\/posts"}],"about":[{"href":"https:\/\/zakrasnejsivimperk.cz\/index.php?rest_route=\/wp\/v2\/types\/post"}],"author":[{"embeddable":true,"href":"https:\/\/zakrasnejsivimperk.cz\/index.php?rest_route=\/wp\/v2\/users\/2"}],"replies":[{"embeddable":true,"href":"https:\/\/zakrasnejsivimperk.cz\/index.php?rest_route=%2Fwp%2Fv2%2Fcomments&post=109991"}],"version-history":[{"count":3,"href":"https:\/\/zakrasnejsivimperk.cz\/index.php?rest_route=\/wp\/v2\/posts\/109991\/revisions"}],"predecessor-version":[{"id":110392,"href":"https:\/\/zakrasnejsivimperk.cz\/index.php?rest_route=\/wp\/v2\/posts\/109991\/revisions\/110392"}],"wp:featuredmedia":[{"embeddable":true,"href":"https:\/\/zakrasnejsivimperk.cz\/index.php?rest_route=\/wp\/v2\/media\/48551"}],"wp:attachment":[{"href":"https:\/\/zakrasnejsivimperk.cz\/index.php?rest_route=%2Fwp%2Fv2%2Fmedia&parent=109991"}],"wp:term":[{"taxonomy":"category","embeddable":true,"href":"https:\/\/zakrasnejsivimperk.cz\/index.php?rest_route=%2Fwp%2Fv2%2Fcategories&post=109991"},{"taxonomy":"post_tag","embeddable":true,"href":"https:\/\/zakrasnejsivimperk.cz\/index.php?rest_route=%2Fwp%2Fv2%2Ftags&post=109991"}],"curies":[{"name":"wp","href":"https:\/\/api.w.org\/{rel}","templated":true}]}}