{"id":109835,"date":"2017-09-19T12:48:57","date_gmt":"2017-09-19T11:48:57","guid":{"rendered":"http:\/\/zakrasnejsivimperk.cz\/?p=109835"},"modified":"2017-09-19T12:52:33","modified_gmt":"2017-09-19T11:52:33","slug":"ceska-televize-prakticke-lekare-na-venkov-netahnou-ani-dotace-nejsou-vysoke-a-zadat-o-ne-je-prilis-slozite","status":"publish","type":"post","link":"https:\/\/zakrasnejsivimperk.cz\/?p=109835","title":{"rendered":"\u010cESK\u00c1 TELEVIZE: Praktick\u00e9 l\u00e9ka\u0159e na venkov net\u00e1hnou ani dotace. Nejsou vysok\u00e9 a \u017e\u00e1dat o n\u011b je p\u0159\u00edli\u0161 slo\u017eit\u00e9"},"content":{"rendered":"<p><img loading=\"lazy\" decoding=\"async\" class=\"aligncenter wp-image-109836 size-full\" src=\"http:\/\/zakrasnejsivimperk.cz\/wp-content\/uploads\/2017\/09\/16\/l\u00e9ka\u0159.jpg\" alt=\"\" width=\"960\" height=\"640\" srcset=\"https:\/\/zakrasnejsivimperk.cz\/wp-content\/uploads\/2017\/09\/16\/l\u00e9ka\u0159.jpg 960w, https:\/\/zakrasnejsivimperk.cz\/wp-content\/uploads\/2017\/09\/16\/l\u00e9ka\u0159-300x200.jpg 300w, https:\/\/zakrasnejsivimperk.cz\/wp-content\/uploads\/2017\/09\/16\/l\u00e9ka\u0159-768x512.jpg 768w, https:\/\/zakrasnejsivimperk.cz\/wp-content\/uploads\/2017\/09\/16\/l\u00e9ka\u0159-536x357.jpg 536w, https:\/\/zakrasnejsivimperk.cz\/wp-content\/uploads\/2017\/09\/16\/l\u00e9ka\u0159-725x483.jpg 725w\" sizes=\"(max-width: 960px) 100vw, 960px\" \/><\/p>\n<p>&nbsp;<\/p>\n<h6><img loading=\"lazy\" decoding=\"async\" class=\"size-full wp-image-75853 alignright\" src=\"http:\/\/zakrasnejsivimperk.cz\/wp-content\/uploads\/2016\/09\/16\/\u010desk\u00e1-televize.jpg\" alt=\"\" width=\"272\" height=\"152\" \/>Bez\u00fasp\u011b\u0161n\u011b se sna\u017e\u00ed ministerstvo zdravotnictv\u00ed dostat nov\u00e9 praktick\u00e9 l\u00e9ka\u0159e na venkov do m\u00edst, kde dosavadn\u00ed l\u00e9ka\u0159i odch\u00e1zej\u00ed do v\u00fdslu\u017eby. Nab\u00edz\u00ed sice dotace, ale nen\u00ed o n\u011b z\u00e1jem. Podle p\u0159edsedy Sdru\u017een\u00ed praktick\u00fdch l\u00e9ka\u0159\u016f je to jednak proto, \u017ee v sou\u010dtu nen\u00ed dotace nijak zvl\u00e1\u0161\u0165 \u0161t\u011bdr\u00e1, ale i t\u00edm, \u017ee je tak slo\u017eit\u00e9 dotaci z\u00edskat, \u017ee l\u00e9ka\u0159i ztr\u00e1cej\u00ed z\u00e1jem.<\/h6>\n<h4><a href=\"http:\/\/www.ceskatelevize.cz\/ct24\/domaci\/2241427-prakticke-lekare-na-venkov-netahnou-ani-dotace-nejsou-vysoke-a-zadat-o-ne-je-prilis\" target=\"_blank\" rel=\"noopener\">CEL\u00dd \u010cL\u00c1NEK<\/a><\/h4>\n<p>Ilustra\u010dn\u00ed foto: archiv (red) &#8211; Za kr\u00e1sn\u011bj\u0161\u00ed Vimperk<\/p>\n<p>&nbsp;<\/p>\n<p>&nbsp;<\/p>\n","protected":false},"excerpt":{"rendered":"<p>&nbsp; Bez\u00fasp\u011b\u0161n\u011b <\/p>\n","protected":false},"author":2,"featured_media":0,"comment_status":"open","ping_status":"open","sticky":false,"template":"","format":"gallery","meta":{"footnotes":""},"categories":[18],"tags":[],"jetpack_featured_media_url":"","_links":{"self":[{"href":"https:\/\/zakrasnejsivimperk.cz\/index.php?rest_route=\/wp\/v2\/posts\/109835"}],"collection":[{"href":"https:\/\/zakrasnejsivimperk.cz\/index.php?rest_route=\/wp\/v2\/posts"}],"about":[{"href":"https:\/\/zakrasnejsivimperk.cz\/index.php?rest_route=\/wp\/v2\/types\/post"}],"author":[{"embeddable":true,"href":"https:\/\/zakrasnejsivimperk.cz\/index.php?rest_route=\/wp\/v2\/users\/2"}],"replies":[{"embeddable":true,"href":"https:\/\/zakrasnejsivimperk.cz\/index.php?rest_route=%2Fwp%2Fv2%2Fcomments&post=109835"}],"version-history":[{"count":2,"href":"https:\/\/zakrasnejsivimperk.cz\/index.php?rest_route=\/wp\/v2\/posts\/109835\/revisions"}],"predecessor-version":[{"id":109841,"href":"https:\/\/zakrasnejsivimperk.cz\/index.php?rest_route=\/wp\/v2\/posts\/109835\/revisions\/109841"}],"wp:attachment":[{"href":"https:\/\/zakrasnejsivimperk.cz\/index.php?rest_route=%2Fwp%2Fv2%2Fmedia&parent=109835"}],"wp:term":[{"taxonomy":"category","embeddable":true,"href":"https:\/\/zakrasnejsivimperk.cz\/index.php?rest_route=%2Fwp%2Fv2%2Fcategories&post=109835"},{"taxonomy":"post_tag","embeddable":true,"href":"https:\/\/zakrasnejsivimperk.cz\/index.php?rest_route=%2Fwp%2Fv2%2Ftags&post=109835"}],"curies":[{"name":"wp","href":"https:\/\/api.w.org\/{rel}","templated":true}]}}