{"id":109784,"date":"2017-09-15T14:35:52","date_gmt":"2017-09-15T13:35:52","guid":{"rendered":"http:\/\/zakrasnejsivimperk.cz\/?p=109784"},"modified":"2017-09-16T08:29:10","modified_gmt":"2017-09-16T07:29:10","slug":"idnes-cz-zubaru-na-jihoceskem-venkove-ubyva-lide-za-nimi-musi-do-mest-a-bude-pry-jeste-hure","status":"publish","type":"post","link":"https:\/\/zakrasnejsivimperk.cz\/?p=109784","title":{"rendered":"iDNES.CZ: Zuba\u0159\u016f na jiho\u010desk\u00e9m venkov\u011b ub\u00fdv\u00e1, lid\u00e9 za nimi mus\u00ed jezdit do m\u011bst. A bude to je\u0161t\u011b hor\u0161\u00ed"},"content":{"rendered":"<p><img loading=\"lazy\" decoding=\"async\" class=\"aligncenter wp-image-109838 size-full\" src=\"http:\/\/zakrasnejsivimperk.cz\/wp-content\/uploads\/2017\/09\/15\/stomatolog.jpg\" alt=\"\" width=\"960\" height=\"640\" srcset=\"https:\/\/zakrasnejsivimperk.cz\/wp-content\/uploads\/2017\/09\/15\/stomatolog.jpg 960w, https:\/\/zakrasnejsivimperk.cz\/wp-content\/uploads\/2017\/09\/15\/stomatolog-300x200.jpg 300w, https:\/\/zakrasnejsivimperk.cz\/wp-content\/uploads\/2017\/09\/15\/stomatolog-768x512.jpg 768w, https:\/\/zakrasnejsivimperk.cz\/wp-content\/uploads\/2017\/09\/15\/stomatolog-536x357.jpg 536w, https:\/\/zakrasnejsivimperk.cz\/wp-content\/uploads\/2017\/09\/15\/stomatolog-725x483.jpg 725w\" sizes=\"(max-width: 960px) 100vw, 960px\" \/><\/p>\n<p>&nbsp;<\/p>\n<h6><img loading=\"lazy\" decoding=\"async\" class=\"size-medium wp-image-2097 alignright\" src=\"http:\/\/zakrasnejsivimperk.cz\/wp-content\/uploads\/2014\/12\/idnes-300x183.png\" alt=\"\" width=\"300\" height=\"183\" srcset=\"https:\/\/zakrasnejsivimperk.cz\/wp-content\/uploads\/2014\/12\/idnes-300x183.png 300w, https:\/\/zakrasnejsivimperk.cz\/wp-content\/uploads\/2014\/12\/idnes.png 421w\" sizes=\"(max-width: 300px) 100vw, 300px\" \/>Mlad\u00fdm zuba\u0159\u016fm se nechce \u017e\u00edt v mal\u00fdch m\u011bstech a vesnic\u00edch. Ti sta\u0159\u00ed tak za sebe \u010dasto nemohou naj\u00edt n\u00e1hradu. Za p\u00e9\u010d\u00ed o chrup dnes mnoz\u00ed lid\u00e9 na jihu \u010cech najezd\u00ed i des\u00edtky kilometr\u016f, dal\u0161\u00ed maj\u00ed probl\u00e9my v\u016fbec stomatologa sehnat.<\/h6>\n<h4><a href=\"https:\/\/budejovice.idnes.cz\/zubar-jihocesky-kraj-stomatolog-nedostatek-lekar-fvm-\/budejovice-zpravy.aspx?c=A170914_125700_budejovice-zpravy_khr\" target=\"_blank\" rel=\"noopener\">CEL\u00dd \u010cL\u00c1NEK<\/a><\/h4>\n<p>Ilustra\u010dn\u00ed foto: archiv (red) &#8211; Za kr\u00e1sn\u011bj\u0161\u00ed Vimperk<\/p>\n<p>&nbsp;<\/p>\n<p>&nbsp;<\/p>\n<p>&nbsp;<\/p>\n","protected":false},"excerpt":{"rendered":"<p>&nbsp; Mlad\u00fdm <\/p>\n","protected":false},"author":2,"featured_media":2097,"comment_status":"open","ping_status":"open","sticky":false,"template":"","format":"gallery","meta":{"footnotes":""},"categories":[18],"tags":[],"jetpack_featured_media_url":"https:\/\/zakrasnejsivimperk.cz\/wp-content\/uploads\/2014\/12\/idnes.png","_links":{"self":[{"href":"https:\/\/zakrasnejsivimperk.cz\/index.php?rest_route=\/wp\/v2\/posts\/109784"}],"collection":[{"href":"https:\/\/zakrasnejsivimperk.cz\/index.php?rest_route=\/wp\/v2\/posts"}],"about":[{"href":"https:\/\/zakrasnejsivimperk.cz\/index.php?rest_route=\/wp\/v2\/types\/post"}],"author":[{"embeddable":true,"href":"https:\/\/zakrasnejsivimperk.cz\/index.php?rest_route=\/wp\/v2\/users\/2"}],"replies":[{"embeddable":true,"href":"https:\/\/zakrasnejsivimperk.cz\/index.php?rest_route=%2Fwp%2Fv2%2Fcomments&post=109784"}],"version-history":[{"count":6,"href":"https:\/\/zakrasnejsivimperk.cz\/index.php?rest_route=\/wp\/v2\/posts\/109784\/revisions"}],"predecessor-version":[{"id":109840,"href":"https:\/\/zakrasnejsivimperk.cz\/index.php?rest_route=\/wp\/v2\/posts\/109784\/revisions\/109840"}],"wp:featuredmedia":[{"embeddable":true,"href":"https:\/\/zakrasnejsivimperk.cz\/index.php?rest_route=\/wp\/v2\/media\/2097"}],"wp:attachment":[{"href":"https:\/\/zakrasnejsivimperk.cz\/index.php?rest_route=%2Fwp%2Fv2%2Fmedia&parent=109784"}],"wp:term":[{"taxonomy":"category","embeddable":true,"href":"https:\/\/zakrasnejsivimperk.cz\/index.php?rest_route=%2Fwp%2Fv2%2Fcategories&post=109784"},{"taxonomy":"post_tag","embeddable":true,"href":"https:\/\/zakrasnejsivimperk.cz\/index.php?rest_route=%2Fwp%2Fv2%2Ftags&post=109784"}],"curies":[{"name":"wp","href":"https:\/\/api.w.org\/{rel}","templated":true}]}}