{"id":109395,"date":"2017-09-12T15:00:51","date_gmt":"2017-09-12T14:00:51","guid":{"rendered":"http:\/\/zakrasnejsivimperk.cz\/?p=109395"},"modified":"2017-09-12T15:04:39","modified_gmt":"2017-09-12T14:04:39","slug":"prachaticky-denik-s-prijezdem-na-parkoviste-ke-koupalisti-vimpersti-zastupitele-nepohnuli","status":"publish","type":"post","link":"https:\/\/zakrasnejsivimperk.cz\/?p=109395","title":{"rendered":"PRACHATICK\u00dd DEN\u00cdK: S p\u0159\u00edjezdem na parkovi\u0161t\u011b u are\u00e1lu vodn\u00edch sport\u016f zastupitel\u00e9 nepohnuli"},"content":{"rendered":"<h6><img loading=\"lazy\" decoding=\"async\" class=\"size-full wp-image-48551 alignright\" src=\"http:\/\/zakrasnejsivimperk.cz\/wp-content\/uploads\/2016\/02\/21\/Den\u00edk.jpg\" alt=\"\" width=\"287\" height=\"139\" \/>Vimperk &#8211; Nov\u00e9 \u0159e\u0161en\u00ed p\u0159\u00edjezdu k\u00a0parkovi\u0161ti a parkov\u00e1n\u00ed autobus\u016f u\u00a0are\u00e1lu vodn\u00edch sport\u016f ve Vimperku, kter\u00e9 zastupitel\u016fm p\u0159edlo\u017eil jejich kolega Bohumil Petr\u00e1\u0161ek, vimper\u0161t\u00ed zastupitel\u00e9 neschv\u00e1lili.<span id=\"copylink\"><br \/>\n<\/span><\/h6>\n<h4><a href=\"http:\/\/prachaticky.denik.cz\/zpravy_region\/s-prijezdem-na-parkoviste-zastupitele-nepohnuli-20170912.html\" target=\"_blank\" rel=\"noopener\">CEL\u00dd \u010cL\u00c1NEK<\/a><\/h4>\n<p>&nbsp;<\/p>\n<p>&nbsp;<\/p>\n","protected":false},"excerpt":{"rendered":"<p>Vimperk &#8211; <\/p>\n","protected":false},"author":2,"featured_media":48551,"comment_status":"open","ping_status":"open","sticky":false,"template":"","format":"gallery","meta":{"footnotes":""},"categories":[18],"tags":[],"jetpack_featured_media_url":"https:\/\/zakrasnejsivimperk.cz\/wp-content\/uploads\/2016\/02\/21\/Den\u00edk.jpg","_links":{"self":[{"href":"https:\/\/zakrasnejsivimperk.cz\/index.php?rest_route=\/wp\/v2\/posts\/109395"}],"collection":[{"href":"https:\/\/zakrasnejsivimperk.cz\/index.php?rest_route=\/wp\/v2\/posts"}],"about":[{"href":"https:\/\/zakrasnejsivimperk.cz\/index.php?rest_route=\/wp\/v2\/types\/post"}],"author":[{"embeddable":true,"href":"https:\/\/zakrasnejsivimperk.cz\/index.php?rest_route=\/wp\/v2\/users\/2"}],"replies":[{"embeddable":true,"href":"https:\/\/zakrasnejsivimperk.cz\/index.php?rest_route=%2Fwp%2Fv2%2Fcomments&post=109395"}],"version-history":[{"count":4,"href":"https:\/\/zakrasnejsivimperk.cz\/index.php?rest_route=\/wp\/v2\/posts\/109395\/revisions"}],"predecessor-version":[{"id":109399,"href":"https:\/\/zakrasnejsivimperk.cz\/index.php?rest_route=\/wp\/v2\/posts\/109395\/revisions\/109399"}],"wp:featuredmedia":[{"embeddable":true,"href":"https:\/\/zakrasnejsivimperk.cz\/index.php?rest_route=\/wp\/v2\/media\/48551"}],"wp:attachment":[{"href":"https:\/\/zakrasnejsivimperk.cz\/index.php?rest_route=%2Fwp%2Fv2%2Fmedia&parent=109395"}],"wp:term":[{"taxonomy":"category","embeddable":true,"href":"https:\/\/zakrasnejsivimperk.cz\/index.php?rest_route=%2Fwp%2Fv2%2Fcategories&post=109395"},{"taxonomy":"post_tag","embeddable":true,"href":"https:\/\/zakrasnejsivimperk.cz\/index.php?rest_route=%2Fwp%2Fv2%2Ftags&post=109395"}],"curies":[{"name":"wp","href":"https:\/\/api.w.org\/{rel}","templated":true}]}}