{"id":109331,"date":"2017-09-17T17:24:49","date_gmt":"2017-09-17T16:24:49","guid":{"rendered":"http:\/\/zakrasnejsivimperk.cz\/?p=109331"},"modified":"2017-09-17T17:26:41","modified_gmt":"2017-09-17T16:26:41","slug":"aktualne-cz-lidl-spousti-e-shop-v-cesku-nabidne-i-obleceni-nejdrive-ho-ceka-zatezova-zkouska","status":"publish","type":"post","link":"https:\/\/zakrasnejsivimperk.cz\/?p=109331","title":{"rendered":"AKTU\u00c1LN\u011a.CZ: Lidl spou\u0161t\u00ed e-shop v \u010cesku, nab\u00eddne i oble\u010den\u00ed. Nejd\u0159\u00edve ho je\u0161t\u011b \u010dek\u00e1 z\u00e1t\u011b\u017eov\u00e1 zkou\u0161ka"},"content":{"rendered":"<h6><strong><img loading=\"lazy\" decoding=\"async\" class=\"size-medium wp-image-103765 alignright\" src=\"http:\/\/zakrasnejsivimperk.cz\/wp-content\/uploads\/2017\/07\/19\/aktu\u00e1ln\u011b-logo-300x129.jpg\" alt=\"\" width=\"300\" height=\"129\" srcset=\"https:\/\/zakrasnejsivimperk.cz\/wp-content\/uploads\/2017\/07\/19\/aktu\u00e1ln\u011b-logo-300x129.jpg 300w, https:\/\/zakrasnejsivimperk.cz\/wp-content\/uploads\/2017\/07\/19\/aktu\u00e1ln\u011b-logo-768x331.jpg 768w, https:\/\/zakrasnejsivimperk.cz\/wp-content\/uploads\/2017\/07\/19\/aktu\u00e1ln\u011b-logo.jpg 800w\" sizes=\"(max-width: 300px) 100vw, 300px\" \/>Praha &#8211;<\/strong>\u00a0Obchodn\u00ed \u0159et\u011bzec\u00a0Lidl\u00a0za\u010d\u00edn\u00e1 testovat\u00a0e-shop\u00a0v \u010cesku. Slibuje, \u017ee ho b\u011bhem podzimu otev\u0159e pro v\u0161echny z\u00e1jemce. Prvn\u00ed mo\u017enost n\u00e1kupu on-line dostalo 9500 zam\u011bstnanc\u016f\u00a0firmy v \u010cesku. Testovat e-shop mohou vedle samotn\u00fdch zam\u011bstnanc\u016f firmy i jejich p\u0159\u00edbuzn\u00ed. <em>&#8220;Pokud se b\u011bhem pilotn\u00edho provozu neobjev\u00ed neo\u010dek\u00e1van\u00e9 nedostatky, odstartuje Lidl-shop.cz v\u00a0dohledn\u00e9 dob\u011b i pro z\u00e1kazn\u00edky,&#8221;<\/em> \u0159\u00edk\u00e1 Zuzana Hol\u00e1, mluv\u010d\u00ed Lidlu.<\/h6>\n<h4><a href=\"https:\/\/zpravy.aktualne.cz\/finance\/nakupovani\/lidl-startuje-s-e-shopem\/r~993804a696ef11e7a7160025900fea04\/?redirected=1505148354\" target=\"_blank\" rel=\"noopener\">CEL\u00dd \u010cL\u00c1NEK<\/a><\/h4>\n<p>&nbsp;<\/p>\n<p>&nbsp;<\/p>\n","protected":false},"excerpt":{"rendered":"<p>Praha &#8211;\u00a0Obchodn\u00ed <\/p>\n","protected":false},"author":2,"featured_media":103765,"comment_status":"open","ping_status":"open","sticky":false,"template":"","format":"gallery","meta":{"footnotes":""},"categories":[18],"tags":[],"jetpack_featured_media_url":"https:\/\/zakrasnejsivimperk.cz\/wp-content\/uploads\/2017\/07\/19\/aktu\u00e1ln\u011b-logo.jpg","_links":{"self":[{"href":"https:\/\/zakrasnejsivimperk.cz\/index.php?rest_route=\/wp\/v2\/posts\/109331"}],"collection":[{"href":"https:\/\/zakrasnejsivimperk.cz\/index.php?rest_route=\/wp\/v2\/posts"}],"about":[{"href":"https:\/\/zakrasnejsivimperk.cz\/index.php?rest_route=\/wp\/v2\/types\/post"}],"author":[{"embeddable":true,"href":"https:\/\/zakrasnejsivimperk.cz\/index.php?rest_route=\/wp\/v2\/users\/2"}],"replies":[{"embeddable":true,"href":"https:\/\/zakrasnejsivimperk.cz\/index.php?rest_route=%2Fwp%2Fv2%2Fcomments&post=109331"}],"version-history":[{"count":5,"href":"https:\/\/zakrasnejsivimperk.cz\/index.php?rest_route=\/wp\/v2\/posts\/109331\/revisions"}],"predecessor-version":[{"id":109977,"href":"https:\/\/zakrasnejsivimperk.cz\/index.php?rest_route=\/wp\/v2\/posts\/109331\/revisions\/109977"}],"wp:featuredmedia":[{"embeddable":true,"href":"https:\/\/zakrasnejsivimperk.cz\/index.php?rest_route=\/wp\/v2\/media\/103765"}],"wp:attachment":[{"href":"https:\/\/zakrasnejsivimperk.cz\/index.php?rest_route=%2Fwp%2Fv2%2Fmedia&parent=109331"}],"wp:term":[{"taxonomy":"category","embeddable":true,"href":"https:\/\/zakrasnejsivimperk.cz\/index.php?rest_route=%2Fwp%2Fv2%2Fcategories&post=109331"},{"taxonomy":"post_tag","embeddable":true,"href":"https:\/\/zakrasnejsivimperk.cz\/index.php?rest_route=%2Fwp%2Fv2%2Ftags&post=109331"}],"curies":[{"name":"wp","href":"https:\/\/api.w.org\/{rel}","templated":true}]}}