{"id":109232,"date":"2017-09-11T17:24:24","date_gmt":"2017-09-11T16:24:24","guid":{"rendered":"http:\/\/zakrasnejsivimperk.cz\/?p=109232"},"modified":"2017-09-11T17:26:28","modified_gmt":"2017-09-11T16:26:28","slug":"novinky-cz-maslo-bude-stat-pred-vanocemi-az-70-korun-odhaduje-sef-mlekarny-madeta-milan-teply","status":"publish","type":"post","link":"https:\/\/zakrasnejsivimperk.cz\/?p=109232","title":{"rendered":"NOVINKY.CZ:  M\u00e1slo bude st\u00e1t p\u0159ed V\u00e1nocemi a\u017e 70 korun, odhaduje \u0159editel firmy Madeta Milan Tepl\u00fd"},"content":{"rendered":"<p><img loading=\"lazy\" decoding=\"async\" class=\"aligncenter wp-image-103284 size-full\" src=\"http:\/\/zakrasnejsivimperk.cz\/wp-content\/uploads\/2017\/07\/14\/m\u00e1slo.jpg\" alt=\"\" width=\"616\" height=\"410\" srcset=\"https:\/\/zakrasnejsivimperk.cz\/wp-content\/uploads\/2017\/07\/14\/m\u00e1slo.jpg 616w, https:\/\/zakrasnejsivimperk.cz\/wp-content\/uploads\/2017\/07\/14\/m\u00e1slo-300x200.jpg 300w, https:\/\/zakrasnejsivimperk.cz\/wp-content\/uploads\/2017\/07\/14\/m\u00e1slo-536x357.jpg 536w\" sizes=\"(max-width: 616px) 100vw, 616px\" \/><\/p>\n<p>&nbsp;<\/p>\n<h6><img loading=\"lazy\" decoding=\"async\" class=\"size-medium wp-image-3530 alignright\" src=\"http:\/\/zakrasnejsivimperk.cz\/wp-content\/uploads\/2014\/12\/novinky.cz_-300x169.jpg\" alt=\"\" width=\"300\" height=\"169\" srcset=\"https:\/\/zakrasnejsivimperk.cz\/wp-content\/uploads\/2014\/12\/novinky.cz_-300x169.jpg 300w, https:\/\/zakrasnejsivimperk.cz\/wp-content\/uploads\/2014\/12\/novinky.cz_.jpg 600w\" sizes=\"(max-width: 300px) 100vw, 300px\" \/>Ml\u00e9k\u00e1rna Madeta zaznamen\u00e1v\u00e1 meziro\u010dn\u011b dvojn\u00e1sobnou popt\u00e1vku po m\u00e1sle, \u0159ekl \u0159editel firmy Milan Tepl\u00fd. Odhaduje, \u017ee m\u00e1slo m\u016f\u017ee st\u00e1t p\u0159ed V\u00e1nocemi a\u017e 70 korun. Madeta, nejv\u011bt\u0161\u00ed zpracovatel ml\u00e9ka v\u00a0zemi, vyrob\u00ed v\u00a0Plan\u00e9 nad Lu\u017enic\u00ed za t\u00fdden 150 a\u017e 160 tun m\u00e1sla.<\/h6>\n<h4><a href=\"https:\/\/www.novinky.cz\/ekonomika\/448772-maslo-bude-stat-70-korun-odhaduje-sef-mlekarny.html\" target=\"_blank\" rel=\"noopener\">CEL\u00dd \u010cL\u00c1NEK<\/a><\/h4>\n<p>Ilustra\u010dn\u00ed foto: archiv (red) &#8211; Za kr\u00e1sn\u011bj\u0161\u00ed Vimperk<\/p>\n<p>&nbsp;<\/p>\n<p>&nbsp;<\/p>\n","protected":false},"excerpt":{"rendered":"<p>&nbsp; Ml\u00e9k\u00e1rna <\/p>\n","protected":false},"author":2,"featured_media":3530,"comment_status":"open","ping_status":"open","sticky":false,"template":"","format":"gallery","meta":{"footnotes":""},"categories":[18],"tags":[],"jetpack_featured_media_url":"https:\/\/zakrasnejsivimperk.cz\/wp-content\/uploads\/2014\/12\/novinky.cz_.jpg","_links":{"self":[{"href":"https:\/\/zakrasnejsivimperk.cz\/index.php?rest_route=\/wp\/v2\/posts\/109232"}],"collection":[{"href":"https:\/\/zakrasnejsivimperk.cz\/index.php?rest_route=\/wp\/v2\/posts"}],"about":[{"href":"https:\/\/zakrasnejsivimperk.cz\/index.php?rest_route=\/wp\/v2\/types\/post"}],"author":[{"embeddable":true,"href":"https:\/\/zakrasnejsivimperk.cz\/index.php?rest_route=\/wp\/v2\/users\/2"}],"replies":[{"embeddable":true,"href":"https:\/\/zakrasnejsivimperk.cz\/index.php?rest_route=%2Fwp%2Fv2%2Fcomments&post=109232"}],"version-history":[{"count":4,"href":"https:\/\/zakrasnejsivimperk.cz\/index.php?rest_route=\/wp\/v2\/posts\/109232\/revisions"}],"predecessor-version":[{"id":109330,"href":"https:\/\/zakrasnejsivimperk.cz\/index.php?rest_route=\/wp\/v2\/posts\/109232\/revisions\/109330"}],"wp:featuredmedia":[{"embeddable":true,"href":"https:\/\/zakrasnejsivimperk.cz\/index.php?rest_route=\/wp\/v2\/media\/3530"}],"wp:attachment":[{"href":"https:\/\/zakrasnejsivimperk.cz\/index.php?rest_route=%2Fwp%2Fv2%2Fmedia&parent=109232"}],"wp:term":[{"taxonomy":"category","embeddable":true,"href":"https:\/\/zakrasnejsivimperk.cz\/index.php?rest_route=%2Fwp%2Fv2%2Fcategories&post=109232"},{"taxonomy":"post_tag","embeddable":true,"href":"https:\/\/zakrasnejsivimperk.cz\/index.php?rest_route=%2Fwp%2Fv2%2Ftags&post=109232"}],"curies":[{"name":"wp","href":"https:\/\/api.w.org\/{rel}","templated":true}]}}