{"id":109114,"date":"2017-09-08T19:26:40","date_gmt":"2017-09-08T18:26:40","guid":{"rendered":"http:\/\/zakrasnejsivimperk.cz\/?p=109114"},"modified":"2017-09-08T19:30:17","modified_gmt":"2017-09-08T18:30:17","slug":"cesky-rozhlas-ve-skole-ve-vlachove-brezi-neni-jeste-hotova-kuchyn-ve-vimperku-telocvicna","status":"publish","type":"post","link":"https:\/\/zakrasnejsivimperk.cz\/?p=109114","title":{"rendered":"\u010cESK\u00dd ROZHLAS: Ve \u0161kole ve Vlachov\u011b B\u0159ez\u00ed nen\u00ed je\u0161t\u011b hotov\u00e1 kuchy\u0148, ve Vimperku rekonstrukce t\u011blocvi\u010dny"},"content":{"rendered":"<h6><img loading=\"lazy\" decoding=\"async\" class=\"size-medium wp-image-106847 alignright\" src=\"http:\/\/zakrasnejsivimperk.cz\/wp-content\/uploads\/2017\/08\/20\/rozhlas-logo-cb-300x140.jpg\" alt=\"\" width=\"300\" height=\"140\" srcset=\"https:\/\/zakrasnejsivimperk.cz\/wp-content\/uploads\/2017\/08\/20\/rozhlas-logo-cb-300x140.jpg 300w, https:\/\/zakrasnejsivimperk.cz\/wp-content\/uploads\/2017\/08\/20\/rozhlas-logo-cb.jpg 632w\" sizes=\"(max-width: 300px) 100vw, 300px\" \/>V n\u011bkter\u00fdch \u0161kol\u00e1ch na Prachaticku nestihnou rekonstrukce pl\u00e1novan\u00e9 na pr\u00e1zdniny. Ve Vlachov\u011b B\u0159ez\u00ed sice fini\u0161uj\u00ed s modernizac\u00ed kuchyn\u011b v Z\u00e1kladn\u00ed \u0161kole profesora Josefa Bro\u017ee, ale do pond\u011bl\u00ed 4. z\u00e1\u0159\u00ed nezvl\u00e1dli z\u00e1v\u011bre\u010dn\u00e9 instalace a \u00faklid po \u0159emesln\u00edc\u00edch.\u00a0Do za\u010d\u00e1tku \u0161koln\u00edho roku se prot\u00e1hne tak\u00e9 rekonstrukce v t\u011blocvi\u010dn\u011b Z\u00e1kladn\u00ed \u0161koly T. G. Masaryka ve Vimperku.<\/h6>\n<h4><a href=\"http:\/\/www.rozhlas.cz\/cb\/zpravodajstvi\/_zprava\/ve-skole-ve-vlachove-brezi-neni-jeste-hotova-kuchyn-ve-vimperku-telocvicna--1752209\" target=\"_blank\" rel=\"noopener\">CEL\u00dd \u010cL\u00c1NEK<\/a><\/h4>\n<p>&nbsp;<\/p>\n<p>&nbsp;<\/p>\n","protected":false},"excerpt":{"rendered":"<p>V n\u011bkter\u00fdch <\/p>\n","protected":false},"author":2,"featured_media":106847,"comment_status":"open","ping_status":"open","sticky":false,"template":"","format":"gallery","meta":{"footnotes":""},"categories":[18],"tags":[],"jetpack_featured_media_url":"https:\/\/zakrasnejsivimperk.cz\/wp-content\/uploads\/2017\/08\/20\/rozhlas-logo-cb.jpg","_links":{"self":[{"href":"https:\/\/zakrasnejsivimperk.cz\/index.php?rest_route=\/wp\/v2\/posts\/109114"}],"collection":[{"href":"https:\/\/zakrasnejsivimperk.cz\/index.php?rest_route=\/wp\/v2\/posts"}],"about":[{"href":"https:\/\/zakrasnejsivimperk.cz\/index.php?rest_route=\/wp\/v2\/types\/post"}],"author":[{"embeddable":true,"href":"https:\/\/zakrasnejsivimperk.cz\/index.php?rest_route=\/wp\/v2\/users\/2"}],"replies":[{"embeddable":true,"href":"https:\/\/zakrasnejsivimperk.cz\/index.php?rest_route=%2Fwp%2Fv2%2Fcomments&post=109114"}],"version-history":[{"count":5,"href":"https:\/\/zakrasnejsivimperk.cz\/index.php?rest_route=\/wp\/v2\/posts\/109114\/revisions"}],"predecessor-version":[{"id":109119,"href":"https:\/\/zakrasnejsivimperk.cz\/index.php?rest_route=\/wp\/v2\/posts\/109114\/revisions\/109119"}],"wp:featuredmedia":[{"embeddable":true,"href":"https:\/\/zakrasnejsivimperk.cz\/index.php?rest_route=\/wp\/v2\/media\/106847"}],"wp:attachment":[{"href":"https:\/\/zakrasnejsivimperk.cz\/index.php?rest_route=%2Fwp%2Fv2%2Fmedia&parent=109114"}],"wp:term":[{"taxonomy":"category","embeddable":true,"href":"https:\/\/zakrasnejsivimperk.cz\/index.php?rest_route=%2Fwp%2Fv2%2Fcategories&post=109114"},{"taxonomy":"post_tag","embeddable":true,"href":"https:\/\/zakrasnejsivimperk.cz\/index.php?rest_route=%2Fwp%2Fv2%2Ftags&post=109114"}],"curies":[{"name":"wp","href":"https:\/\/api.w.org\/{rel}","templated":true}]}}