{"id":108949,"date":"2017-09-07T11:21:01","date_gmt":"2017-09-07T10:21:01","guid":{"rendered":"http:\/\/zakrasnejsivimperk.cz\/?p=108949"},"modified":"2017-09-07T11:22:23","modified_gmt":"2017-09-07T10:22:23","slug":"jednala-rada-mesta-urednik-si-zvysi-kvalifikaci-pronajem-garaze-oprava-usneseni-na-pamatky-bezplatne","status":"publish","type":"post","link":"https:\/\/zakrasnejsivimperk.cz\/?p=108949","title":{"rendered":"JEDNALA RADA M\u011aSTA: \u00da\u0159edn\u00edk si zv\u00fd\u0161\u00ed kvalifikaci, pron\u00e1jem gar\u00e1\u017ee, oprava usnesen\u00ed, pam\u00e1tky zdarma"},"content":{"rendered":"<p><img loading=\"lazy\" decoding=\"async\" class=\"aligncenter wp-image-99814 size-full\" src=\"http:\/\/zakrasnejsivimperk.cz\/wp-content\/uploads\/2017\/06\/07\/dokumenty.jpg\" alt=\"\" width=\"800\" height=\"352\" srcset=\"https:\/\/zakrasnejsivimperk.cz\/wp-content\/uploads\/2017\/06\/07\/dokumenty.jpg 800w, https:\/\/zakrasnejsivimperk.cz\/wp-content\/uploads\/2017\/06\/07\/dokumenty-300x132.jpg 300w, https:\/\/zakrasnejsivimperk.cz\/wp-content\/uploads\/2017\/06\/07\/dokumenty-768x338.jpg 768w\" sizes=\"(max-width: 800px) 100vw, 800px\" \/><\/p>\n<p>&nbsp;<\/p>\n<h6>Rada m\u011bsta Vimperk na sv\u00e9m pravideln\u00e9m zased\u00e1n\u00ed 4. z\u00e1\u0159\u00ed krom\u011b jin\u00e9ho projednala a schv\u00e1lila\u00a0<em>(p\u0159in\u00e1\u0161\u00edme p\u0159esnou citaci usnesen\u00ed bez redak\u010dn\u00ed \u00fapravy):<\/em><\/h6>\n<p><strong>Usnesen\u00ed \u010d. 868<\/strong><br \/>\nRada m\u011bsta rozhodla o \u010dasov\u011b omezen\u00e9m nav\u00fd\u0161en\u00ed pracovn\u00edka na odboru v\u00fdstavby a \u00fazemn\u00edho pl\u00e1nov\u00e1n\u00ed agenda stavebn\u00ed \u0159\u00edzen\u00ed od 05.09.2017 do 31.12.2017 a pov\u011b\u0159uje tajemn\u00edka M\u011b\u00da zabezpe\u010den\u00edm v\u0161ech pot\u0159ebn\u00fdch n\u00e1le\u017eitost\u00ed. D\u016fvodem nav\u00fd\u0161en\u00ed je \u0159\u00e1dn\u00e9 zapracov\u00e1n\u00ed a p\u0159ed\u00e1n\u00ed rozs\u00e1hl\u00e9 agendy stavebn\u00edho \u0159\u00edzen\u00ed nov\u00e9mu pracovn\u00edku za pracovnici odch\u00e1zej\u00edc\u00ed do starobn\u00edho d\u016fchodu.<\/p>\n<p><strong>Usnesen\u00ed \u010d. 869<\/strong><br \/>\nRada m\u011bsta schvaluje uzav\u0159en\u00ed Dohody o zv\u00fd\u0161en\u00ed kvalifikace podle \u00a7 231 &#8211; \u00a7 235 z\u00e1kona \u010d. 262\/2006 Sb., z\u00e1kon\u00edku pr\u00e1ce ve zn\u011bn\u00ed pozd\u011bj\u0161\u00edch p\u0159edpis\u016f mezi m\u011bstem Vimperk, Steinbrenerova 6, 385 17 Vimperk, jako zam\u011bstnavatelem a zam\u011bstnancem odboru obecn\u00ed \u017eivnostensk\u00fd \u00fa\u0159ad, agenda \u017eivnostensk\u00e1 kontrola Pavlem Mickou, a pov\u011b\u0159uje tajemn\u00edka M\u011b\u00da Vimperk podpisem dohody.<\/p>\n<p><strong>Usnesen\u00ed \u010d. 880<\/strong><br \/>\nRada m\u011bsta souhlas\u00ed s \u00fahradou vnit\u0159n\u00edch \u00fa\u010detn\u00edch doklad\u016f \u010d. 2\/2017 z neobsazen\u00fdch byt\u016f a to \u010d\u00e1stky 281 895 K\u010d a z neobsazen\u00fdch nebytov\u00fdch prostor, a to \u010d\u00e1stky 1 457 037 K\u010d vystaven\u00e9 M\u011bstskou spr\u00e1vou dom\u016f s. r. o. Vimperk za vy\u00fa\u010dtov\u00e1n\u00ed slu\u017eeb za rok 2016 (neobsazen\u00e9 z technick\u00fdch a provozn\u00edch d\u016fvod\u016f) z provozn\u00edch n\u00e1klad\u016f na spr\u00e1vu bytov\u00e9ho a nebytov\u00e9ho fondu.<\/p>\n<p><strong>Usnesen\u00ed \u010d. 882<\/strong><br \/>\nRada m\u011bsta rozhodla zve\u0159ejnit z\u00e1m\u011br pronajmout prostory slou\u017e\u00edc\u00ed k podnik\u00e1n\u00ed \u010d. 322 o v\u00fdm\u011b\u0159e 19,4 m2 v \u010dp. 74 v ulici 1. m\u00e1je ve Vimperku ve druh\u00e9m nadzemn\u00edm podla\u017e\u00ed za \u00fa\u010delem podnikatelsk\u00e9 \u010dinnosti. V\u00fd\u0161e n\u00e1jemn\u00e9ho je stanovena u prostor reprezentativn\u00edch ve v\u00fd\u0161i 656,46 K\u010d\/m2\/rok, u prostor skladov\u00fdch ve v\u00fd\u0161i 525,16 K\u010d\/m2\/rok. N\u00e1jemn\u00ed smlouva bude uzav\u0159ena na dobu neur\u010ditou s 3 m\u011bs\u00ed\u010dn\u00ed v\u00fdpov\u011bdn\u00ed lh\u016ftou. Zp\u016fsobilost p\u0159edm\u011btu za \u00fa\u010delem n\u00e1jmu si zajist\u00ed n\u00e1jemce.<\/p>\n<p><strong>Usnesen\u00ed \u010d. 883<\/strong><br \/>\nRada m\u011bsta rozhodla pronajmout prostory &#8211; gar\u00e1\u017e \u010d. 343 (m\u00edstnost \u010d. 106) v ulici Nad Stadionem \u010dp. 199 ve Vimperku o celkov\u00e9 v\u00fdm\u011b\u0159e 25,10 m2 za \u00fa\u010delem parkov\u00e1n\u00ed automobilu. V\u00fd\u0161e n\u00e1jemn\u00e9ho z uveden\u00fdch prostor je stanovena na 362 K\u010d\/m2\/rok (uvedeno bez DPH). N\u00e1jemn\u00ed smlouva bude uzav\u0159ena na dobu neur\u010ditou s 3 m\u011bs\u00ed\u010dn\u00ed v\u00fdpov\u011bdn\u00ed lh\u016ftou s platnost\u00ed od 11.09.2017. Zp\u016fsobilost p\u0159edm\u011btu za \u00fa\u010delem n\u00e1jmu si zajist\u00ed n\u00e1jemce.<\/p>\n<p><strong>Usnesen\u00ed \u010d. 884<\/strong><br \/>\nRada m\u011bsta m\u011bn\u00ed sv\u00e9 usnesen\u00ed \u010d. 847 ze dne 28.08.2017 takto: Rada m\u011bsta rozhodla pronajmout \u010d\u00e1st kom\u00ednov\u00e9ho t\u011blesa nach\u00e1zej\u00edc\u00ed se na \u010d\u00e1sti parcely KN \u010d. 2522\/65 v k. \u00fa. Vimperk pro um\u00edst\u011bn\u00ed za\u0159\u00edzen\u00ed s\u00edt\u011b elektronick\u00fdch komunikac\u00ed pro poskytov\u00e1n\u00ed vysokorychlostn\u00edho internetov\u00e9ho p\u0159ipojen\u00ed spole\u010dnosti Fresh Data s. r. o., Rybn\u00e1 716\/24, Star\u00e9 M\u011bsto, 110 00 Praha 1. N\u00e1jemn\u00ed smlouva bude uzav\u0159ena na dobu neur\u010ditou<br \/>\ns t\u0159\u00edm\u011bs\u00ed\u010dn\u00ed v\u00fdpov\u011bdn\u00ed lh\u016ftou s platnost\u00ed od 08.09.2017. Ro\u010dn\u00ed n\u00e1jemn\u00e9 je stanoveno ve v\u00fd\u0161i 10.000 K\u010d bez DPH.<\/p>\n<p><strong>Usnesen\u00ed \u010d. 893<\/strong><br \/>\nRada m\u011bsta souhlas\u00ed s mo\u017enost\u00ed bezplatn\u00e9ho zp\u0159\u00edstupn\u011bn\u00ed pam\u00e1tkov\u011b chr\u00e1n\u011bn\u00fdch objekt\u016f v majetku m\u011bsta Vimperk pro ve\u0159ejnost ve dnech 16.09.2017 a 17.09.2017 v r\u00e1mci Dn\u016f evropsk\u00e9ho kulturn\u00edho d\u011bdictv\u00ed.<\/p>\n<p>&nbsp;<\/p>\n<p><strong>(red)<\/strong><\/p>\n<h4><a href=\"http:\/\/www.vimperk.cz\/files\/9575-rada-mesta-04-09-2017.pdf\" target=\"_blank\" rel=\"noopener\">Cel\u00fd z\u00e1pis z jedn\u00e1n\u00ed\u00a0<em>(ve form\u00e1tu PDF)<\/em><\/a><\/h4>\n<p>&nbsp;<\/p>\n<p>&nbsp;<\/p>\n","protected":false},"excerpt":{"rendered":"<p>&nbsp; Rada <\/p>\n","protected":false},"author":2,"featured_media":99814,"comment_status":"open","ping_status":"open","sticky":false,"template":"","format":"gallery","meta":{"footnotes":""},"categories":[7],"tags":[],"jetpack_featured_media_url":"https:\/\/zakrasnejsivimperk.cz\/wp-content\/uploads\/2017\/06\/07\/dokumenty.jpg","_links":{"self":[{"href":"https:\/\/zakrasnejsivimperk.cz\/index.php?rest_route=\/wp\/v2\/posts\/108949"}],"collection":[{"href":"https:\/\/zakrasnejsivimperk.cz\/index.php?rest_route=\/wp\/v2\/posts"}],"about":[{"href":"https:\/\/zakrasnejsivimperk.cz\/index.php?rest_route=\/wp\/v2\/types\/post"}],"author":[{"embeddable":true,"href":"https:\/\/zakrasnejsivimperk.cz\/index.php?rest_route=\/wp\/v2\/users\/2"}],"replies":[{"embeddable":true,"href":"https:\/\/zakrasnejsivimperk.cz\/index.php?rest_route=%2Fwp%2Fv2%2Fcomments&post=108949"}],"version-history":[{"count":3,"href":"https:\/\/zakrasnejsivimperk.cz\/index.php?rest_route=\/wp\/v2\/posts\/108949\/revisions"}],"predecessor-version":[{"id":108953,"href":"https:\/\/zakrasnejsivimperk.cz\/index.php?rest_route=\/wp\/v2\/posts\/108949\/revisions\/108953"}],"wp:featuredmedia":[{"embeddable":true,"href":"https:\/\/zakrasnejsivimperk.cz\/index.php?rest_route=\/wp\/v2\/media\/99814"}],"wp:attachment":[{"href":"https:\/\/zakrasnejsivimperk.cz\/index.php?rest_route=%2Fwp%2Fv2%2Fmedia&parent=108949"}],"wp:term":[{"taxonomy":"category","embeddable":true,"href":"https:\/\/zakrasnejsivimperk.cz\/index.php?rest_route=%2Fwp%2Fv2%2Fcategories&post=108949"},{"taxonomy":"post_tag","embeddable":true,"href":"https:\/\/zakrasnejsivimperk.cz\/index.php?rest_route=%2Fwp%2Fv2%2Ftags&post=108949"}],"curies":[{"name":"wp","href":"https:\/\/api.w.org\/{rel}","templated":true}]}}