{"id":108844,"date":"2017-09-18T14:19:50","date_gmt":"2017-09-18T13:19:50","guid":{"rendered":"http:\/\/zakrasnejsivimperk.cz\/?p=108844"},"modified":"2017-09-18T14:19:50","modified_gmt":"2017-09-18T13:19:50","slug":"denik-nova-pravni-uprava-je-prisnejsi-spehuje-vas-vlastni-firma-muze-ji-to-stat-az-dva-miliony-korun","status":"publish","type":"post","link":"https:\/\/zakrasnejsivimperk.cz\/?p=108844","title":{"rendered":"DEN\u00cdK: Nov\u00e1 pr\u00e1vn\u00ed \u00faprava je p\u0159\u00edsn\u011bj\u0161\u00ed. \u0160pehuje v\u00e1s vlastn\u00ed firma? M\u016f\u017ee ji to st\u00e1t a\u017e dva miliony korun"},"content":{"rendered":"<p><img loading=\"lazy\" decoding=\"async\" class=\"aligncenter wp-image-64724 size-full\" src=\"http:\/\/zakrasnejsivimperk.cz\/wp-content\/uploads\/2016\/06\/16\/kamera.jpg\" alt=\"\" width=\"500\" height=\"300\" srcset=\"https:\/\/zakrasnejsivimperk.cz\/wp-content\/uploads\/2016\/06\/16\/kamera.jpg 500w, https:\/\/zakrasnejsivimperk.cz\/wp-content\/uploads\/2016\/06\/16\/kamera-300x180.jpg 300w\" sizes=\"(max-width: 500px) 100vw, 500px\" \/><\/p>\n<p>&nbsp;<\/p>\n<h6><img loading=\"lazy\" decoding=\"async\" class=\"wp-image-48551 alignright\" src=\"http:\/\/zakrasnejsivimperk.cz\/wp-content\/uploads\/2016\/02\/21\/Den\u00edk.jpg\" alt=\"\" width=\"150\" height=\"73\" \/>Kamery v\u00a0kancel\u00e1\u0159\u00edch, \u010dten\u00ed e-mail\u016f nebo osobn\u00ed prohl\u00eddky. I\u00a0tak se n\u011bkter\u00e9 firmy pokou\u0161ej\u00ed \u201ekontrolovat\u201c sv\u00e9 zam\u011bstnance. Nov\u011b by si na takov\u00e9 postupy m\u011bly d\u00e1t\u00a0pozor.<span id=\"copylink\"><br \/>\n<\/span><\/h6>\n<h4><a href=\"http:\/\/www.denik.cz\/ekonomika\/spehuje-vas-vlastni-firma-muze-ji-to-stat-az-dva-miliony-20170906.html\">CEL\u00dd \u010cL\u00c1NEK<\/a><\/h4>\n<p>Ilustra\u010dn\u00ed foto: archiv (red) &#8211; Za kr\u00e1sn\u011bj\u0161\u00ed Vimperk<\/p>\n<p>&nbsp;<\/p>\n<p>&nbsp;<\/p>\n","protected":false},"excerpt":{"rendered":"<p>&nbsp; Kamery <\/p>\n","protected":false},"author":2,"featured_media":48551,"comment_status":"open","ping_status":"open","sticky":false,"template":"","format":"gallery","meta":{"footnotes":""},"categories":[18,1],"tags":[],"jetpack_featured_media_url":"https:\/\/zakrasnejsivimperk.cz\/wp-content\/uploads\/2016\/02\/21\/Den\u00edk.jpg","_links":{"self":[{"href":"https:\/\/zakrasnejsivimperk.cz\/index.php?rest_route=\/wp\/v2\/posts\/108844"}],"collection":[{"href":"https:\/\/zakrasnejsivimperk.cz\/index.php?rest_route=\/wp\/v2\/posts"}],"about":[{"href":"https:\/\/zakrasnejsivimperk.cz\/index.php?rest_route=\/wp\/v2\/types\/post"}],"author":[{"embeddable":true,"href":"https:\/\/zakrasnejsivimperk.cz\/index.php?rest_route=\/wp\/v2\/users\/2"}],"replies":[{"embeddable":true,"href":"https:\/\/zakrasnejsivimperk.cz\/index.php?rest_route=%2Fwp%2Fv2%2Fcomments&post=108844"}],"version-history":[{"count":4,"href":"https:\/\/zakrasnejsivimperk.cz\/index.php?rest_route=\/wp\/v2\/posts\/108844\/revisions"}],"predecessor-version":[{"id":110029,"href":"https:\/\/zakrasnejsivimperk.cz\/index.php?rest_route=\/wp\/v2\/posts\/108844\/revisions\/110029"}],"wp:featuredmedia":[{"embeddable":true,"href":"https:\/\/zakrasnejsivimperk.cz\/index.php?rest_route=\/wp\/v2\/media\/48551"}],"wp:attachment":[{"href":"https:\/\/zakrasnejsivimperk.cz\/index.php?rest_route=%2Fwp%2Fv2%2Fmedia&parent=108844"}],"wp:term":[{"taxonomy":"category","embeddable":true,"href":"https:\/\/zakrasnejsivimperk.cz\/index.php?rest_route=%2Fwp%2Fv2%2Fcategories&post=108844"},{"taxonomy":"post_tag","embeddable":true,"href":"https:\/\/zakrasnejsivimperk.cz\/index.php?rest_route=%2Fwp%2Fv2%2Ftags&post=108844"}],"curies":[{"name":"wp","href":"https:\/\/api.w.org\/{rel}","templated":true}]}}