{"id":108674,"date":"2017-09-10T11:55:45","date_gmt":"2017-09-10T10:55:45","guid":{"rendered":"http:\/\/zakrasnejsivimperk.cz\/?p=108674"},"modified":"2017-09-10T11:58:41","modified_gmt":"2017-09-10T10:58:41","slug":"irozhlas-konec-domluve-na-miste-straznik-vam-ted-udeli-pisemne-napomenuti-bude-to-zdrzovat-upozornuji","status":"publish","type":"post","link":"https:\/\/zakrasnejsivimperk.cz\/?p=108674","title":{"rendered":"iROZHLAS: Konec domluv\u011b na m\u00edst\u011b, str\u00e1\u017en\u00edk v\u00e1m te\u010f ud\u011bl\u00ed p\u00edsemn\u00e9 napomenut\u00ed. Bude to zdr\u017eovat, poukazuj\u00ed"},"content":{"rendered":"<h6><img loading=\"lazy\" decoding=\"async\" class=\"size-medium wp-image-108633 alignright\" src=\"http:\/\/zakrasnejsivimperk.cz\/wp-content\/uploads\/2017\/09\/04\/irozhlas-300x67.jpg\" alt=\"\" width=\"300\" height=\"67\" srcset=\"https:\/\/zakrasnejsivimperk.cz\/wp-content\/uploads\/2017\/09\/04\/irozhlas-300x67.jpg 300w, https:\/\/zakrasnejsivimperk.cz\/wp-content\/uploads\/2017\/09\/04\/irozhlas.jpg 395w\" sizes=\"(max-width: 300px) 100vw, 300px\" \/>M\u011bstsk\u00e9 policii v Praze zkomplikoval pr\u00e1ci nov\u00fd p\u0159estupkov\u00fd z\u00e1kon, kter\u00fd plat\u00ed od \u010dervence. Str\u00e1\u017en\u00edci nov\u011b nemohou poru\u0161en\u00ed p\u0159edpis\u016f \u0159e\u0161it domluvou. Sd\u011blila to mluv\u010d\u00ed m\u011bstsk\u00fdch str\u00e1\u017en\u00edk\u016f Irena Seifertov\u00e1. Nam\u00edsto domluvy mohou nyn\u00ed str\u00e1\u017en\u00edci ud\u011blit takzvan\u00e9 napomenut\u00ed, o kter\u00e9m v\u0161ak mus\u00ed napsat protokol, co\u017e znamen\u00e1 v\u011bt\u0161\u00ed administrativn\u00ed z\u00e1t\u011b\u017e.<\/h6>\n<h4><a href=\"https:\/\/www.irozhlas.cz\/zpravy-domov\/konec-domluve-na-miste-straznik-vam-ted-udeli-pisemne-napomenuti-bude-zdrzovat_1709042042_rez\" target=\"_blank\" rel=\"noopener\">CEL\u00dd \u010cL\u00c1NEK<\/a><\/h4>\n<p>&nbsp;<\/p>\n<p>&nbsp;<\/p>\n<p>&nbsp;<\/p>\n","protected":false},"excerpt":{"rendered":"<p>M\u011bstsk\u00e9 policii <\/p>\n","protected":false},"author":2,"featured_media":108634,"comment_status":"open","ping_status":"open","sticky":false,"template":"","format":"gallery","meta":{"footnotes":""},"categories":[18],"tags":[],"jetpack_featured_media_url":"https:\/\/zakrasnejsivimperk.cz\/wp-content\/uploads\/2017\/09\/04\/irozhlas-2.jpg","_links":{"self":[{"href":"https:\/\/zakrasnejsivimperk.cz\/index.php?rest_route=\/wp\/v2\/posts\/108674"}],"collection":[{"href":"https:\/\/zakrasnejsivimperk.cz\/index.php?rest_route=\/wp\/v2\/posts"}],"about":[{"href":"https:\/\/zakrasnejsivimperk.cz\/index.php?rest_route=\/wp\/v2\/types\/post"}],"author":[{"embeddable":true,"href":"https:\/\/zakrasnejsivimperk.cz\/index.php?rest_route=\/wp\/v2\/users\/2"}],"replies":[{"embeddable":true,"href":"https:\/\/zakrasnejsivimperk.cz\/index.php?rest_route=%2Fwp%2Fv2%2Fcomments&post=108674"}],"version-history":[{"count":4,"href":"https:\/\/zakrasnejsivimperk.cz\/index.php?rest_route=\/wp\/v2\/posts\/108674\/revisions"}],"predecessor-version":[{"id":109218,"href":"https:\/\/zakrasnejsivimperk.cz\/index.php?rest_route=\/wp\/v2\/posts\/108674\/revisions\/109218"}],"wp:featuredmedia":[{"embeddable":true,"href":"https:\/\/zakrasnejsivimperk.cz\/index.php?rest_route=\/wp\/v2\/media\/108634"}],"wp:attachment":[{"href":"https:\/\/zakrasnejsivimperk.cz\/index.php?rest_route=%2Fwp%2Fv2%2Fmedia&parent=108674"}],"wp:term":[{"taxonomy":"category","embeddable":true,"href":"https:\/\/zakrasnejsivimperk.cz\/index.php?rest_route=%2Fwp%2Fv2%2Fcategories&post=108674"},{"taxonomy":"post_tag","embeddable":true,"href":"https:\/\/zakrasnejsivimperk.cz\/index.php?rest_route=%2Fwp%2Fv2%2Ftags&post=108674"}],"curies":[{"name":"wp","href":"https:\/\/api.w.org\/{rel}","templated":true}]}}