{"id":108463,"date":"2017-09-03T15:41:16","date_gmt":"2017-09-03T14:41:16","guid":{"rendered":"http:\/\/zakrasnejsivimperk.cz\/?p=108463"},"modified":"2017-09-03T15:58:25","modified_gmt":"2017-09-03T14:58:25","slug":"na-programu-jednani-dilema-zda-si-pujcit-penize-a-mesto-zadluzit-kratsi-doba-nocniho-klidu-aj","status":"publish","type":"post","link":"https:\/\/zakrasnejsivimperk.cz\/?p=108463","title":{"rendered":"NA PROGRAMU JEDN\u00c1N\u00cd: Dilema, zda si p\u016fj\u010dit pen\u00edze a m\u011bsto zadlu\u017eit. Krat\u0161\u00ed doba no\u010dn\u00edho klidu a dal\u0161\u00ed"},"content":{"rendered":"<h6>V pond\u011bl\u00ed 4. z\u00e1\u0159\u00ed se vimper\u0161t\u00ed zastupitel\u00e9 sejdou ke sv\u00e9mu dvaadvac\u00e1t\u00e9mu zased\u00e1n\u00ed. Za\u010d\u00edn\u00e1 v 15,30 hodin a jako obvykle se kon\u00e1 v s\u00e1le M\u011bstsk\u00e9ho kulturn\u00edho st\u0159ediska. Zastupitel\u00e9 krom\u011b jin\u00e9ho projednaj\u00ed:<\/h6>\n<p>\u2022 Je p\u0159ipraven n\u00e1vrh usnesen\u00ed, kter\u00e9 by ulo\u017eilo finan\u010dn\u00edmu odboru m\u011bstsk\u00e9ho \u00fa\u0159adu prov\u011b\u0159it podm\u00ednky a <strong>mo\u017enosti financov\u00e1n\u00ed v\u011bt\u0161\u00edch investi\u010dn\u00edch akc\u00ed<\/strong>, zejm\u00e9na dostavby plaveck\u00e9ho are\u00e1lu a rekonstrukce ulice 1. m\u00e1je. Lidov\u011b \u0159e\u010deno, zda a kolik pen\u011bz si m\u011bsto m\u016f\u017ee p\u016fj\u010dit na sv\u00e9 rozvojov\u00e9 z\u00e1m\u011bry, nakolik se m\u016f\u017ee do budoucna zadlu\u017eit.<\/p>\n<p>\u2022 <strong>N\u00e1vrh na dopln\u011bn\u00ed obecn\u011b z\u00e1vazn\u00e9 vyhl\u00e1\u0161ky<\/strong>\u00a0\u00a0o zabezpe\u010den\u00ed m\u00edstn\u00edch z\u00e1le\u017eitost\u00ed ve\u0159ejn\u00e9ho po\u0159\u00e1dku, ochrany \u017eivotn\u00edho prost\u0159ed\u00ed, \u010distoty a bezpe\u010dnosti na ve\u0159ejn\u00fdch prostranstv\u00edch p\u0159edpokl\u00e1d\u00e1, krom\u011b jin\u00e9ho, nov\u00e9 vymezen\u00ed doby no\u010dn\u00edho klidu od 02:00 hodin do 06:00 hodin v konkr\u00e9tn\u00edch vyjmenovan\u00fdch p\u0159\u00edpadech:<\/p>\n<p>a<em>) <\/em>v noci ze dne kon\u00e1n\u00ed tradi\u010dn\u00edch slavnost\u00ed &#8211;<em> P\u00e1len\u00ed \u010darod\u011bjnic, Maj\u00e1les, Vimpersk\u00e1 pou\u0165, \u0160umavsk\u00e9 slavnosti piva, Bitva na Winterbergu &#8211; na den n\u00e1sleduj\u00edc\u00ed<\/em><br \/>\nb) v noci ze dne kon\u00e1n\u00ed tradi\u010dn\u00edch koncert\u016f, festival\u016f, sout\u011b\u017e\u00ed &#8211;<em> No\u010dn\u00ed koncert Dechov\u00e9ho orchestru ZU\u0160 Vimperk, Mezi pivovary, Vimpersk\u00fd fr\u0148\u00e1k, Divadeln\u00ed l\u00e9to na z\u00e1mku, hasi\u010dsk\u00e9 sout\u011b\u017ee jednotek SDH okrsku &#8211; na den n\u00e1sleduj\u00edc\u00ed<\/em><br \/>\nc) v noci na Velikono\u010dn\u00ed pond\u011bl\u00ed<\/p>\n<p><strong>(red)<\/strong><\/p>\n<h4><a href=\"http:\/\/www.vimperk.cz\/3581\/cz\/normal\/#.WaprzcirTIU\" target=\"_blank\" rel=\"noopener\">Kompletn\u00ed podklady pro zased\u00e1n\u00ed m\u011bstsk\u00e9ho zastupitelstva 7. srpna<\/a><\/h4>\n<h4><a href=\"http:\/\/www.vimperk.cz\/files\/9537-pozvanka-na-dvacate-ctvrte-zasedani-zastupitelstva-mesta-vimperk-ktere-se-uskutecni-v-pondeli-4-09-2017-od-15-30-hodin-v-sale-meks-vimperk.pdf\" target=\"_blank\" rel=\"noopener\">Program zased\u00e1n\u00ed<\/a><\/h4>\n<p>&nbsp;<\/p>\n<p>&nbsp;<\/p>\n","protected":false},"excerpt":{"rendered":"<p>V pond\u011bl\u00ed <\/p>\n","protected":false},"author":2,"featured_media":108566,"comment_status":"open","ping_status":"open","sticky":false,"template":"","format":"gallery","meta":{"footnotes":""},"categories":[7],"tags":[],"jetpack_featured_media_url":"https:\/\/zakrasnejsivimperk.cz\/wp-content\/uploads\/2017\/09\/03\/agenda-2.jpg","_links":{"self":[{"href":"https:\/\/zakrasnejsivimperk.cz\/index.php?rest_route=\/wp\/v2\/posts\/108463"}],"collection":[{"href":"https:\/\/zakrasnejsivimperk.cz\/index.php?rest_route=\/wp\/v2\/posts"}],"about":[{"href":"https:\/\/zakrasnejsivimperk.cz\/index.php?rest_route=\/wp\/v2\/types\/post"}],"author":[{"embeddable":true,"href":"https:\/\/zakrasnejsivimperk.cz\/index.php?rest_route=\/wp\/v2\/users\/2"}],"replies":[{"embeddable":true,"href":"https:\/\/zakrasnejsivimperk.cz\/index.php?rest_route=%2Fwp%2Fv2%2Fcomments&post=108463"}],"version-history":[{"count":3,"href":"https:\/\/zakrasnejsivimperk.cz\/index.php?rest_route=\/wp\/v2\/posts\/108463\/revisions"}],"predecessor-version":[{"id":108565,"href":"https:\/\/zakrasnejsivimperk.cz\/index.php?rest_route=\/wp\/v2\/posts\/108463\/revisions\/108565"}],"wp:featuredmedia":[{"embeddable":true,"href":"https:\/\/zakrasnejsivimperk.cz\/index.php?rest_route=\/wp\/v2\/media\/108566"}],"wp:attachment":[{"href":"https:\/\/zakrasnejsivimperk.cz\/index.php?rest_route=%2Fwp%2Fv2%2Fmedia&parent=108463"}],"wp:term":[{"taxonomy":"category","embeddable":true,"href":"https:\/\/zakrasnejsivimperk.cz\/index.php?rest_route=%2Fwp%2Fv2%2Fcategories&post=108463"},{"taxonomy":"post_tag","embeddable":true,"href":"https:\/\/zakrasnejsivimperk.cz\/index.php?rest_route=%2Fwp%2Fv2%2Ftags&post=108463"}],"curies":[{"name":"wp","href":"https:\/\/api.w.org\/{rel}","templated":true}]}}