{"id":108125,"date":"2017-09-04T21:27:06","date_gmt":"2017-09-04T20:27:06","guid":{"rendered":"http:\/\/zakrasnejsivimperk.cz\/?p=108125"},"modified":"2017-09-04T21:28:51","modified_gmt":"2017-09-04T20:28:51","slug":"seznam-cz-vyssi-stocne-za-destovku-bude-o-statni-dotace-zajem-i-potom-co-lide-zaplati-vic-za-vodu","status":"publish","type":"post","link":"https:\/\/zakrasnejsivimperk.cz\/?p=108125","title":{"rendered":"SEZNAM.CZ: Vy\u0161\u0161\u00ed sto\u010dn\u00e9 za De\u0161\u0165ovku. Bude o st\u00e1tn\u00ed dotace z\u00e1jem i potom, co lid\u00e9 zaplat\u00ed v\u00edce za vodu..?"},"content":{"rendered":"<div class=\"d_aM\" data-reactid=\"134\">\n<h6 class=\"c_aL\" data-reactid=\"135\"><img loading=\"lazy\" decoding=\"async\" class=\"size-medium wp-image-108687 alignright\" src=\"http:\/\/zakrasnejsivimperk.cz\/wp-content\/uploads\/2017\/08\/30\/seznam-logo-2-300x66.png\" alt=\"\" width=\"300\" height=\"66\" srcset=\"https:\/\/zakrasnejsivimperk.cz\/wp-content\/uploads\/2017\/08\/30\/seznam-logo-2-300x66.png 300w, https:\/\/zakrasnejsivimperk.cz\/wp-content\/uploads\/2017\/08\/30\/seznam-logo-2.png 500w\" sizes=\"(max-width: 300px) 100vw, 300px\" \/>Dota\u010dn\u00ed program De\u0161\u0165ovka by nemusel b\u00fdt pro jeho \u017eadatele u\u017e tak v\u00fdhodn\u00fd. Mohl by jim toti\u017e zdra\u017eit sto\u010dn\u00e9 o \u010dtvrtinu.\u00a0<span style=\"color: #222222; font-size: 22px; font-weight: bold;\">Sdru\u017een\u00ed odboru vodovod\u016f a kanalizac\u00ed po\u017eaduje, aby se p\u0159\u00edjemc\u016fm dotac\u00ed zvedl poplatek, proto\u017ee budou m\u00edt v\u00edc odpadn\u00ed vody. Je to nam\u00edst\u011b a jak je program De\u0161\u0165ovka vlastn\u011b v\u00fdhodn\u00fd?<\/span><\/h6>\n<h4><a href=\"https:\/\/www.seznam.cz\/zpravy\/clanek\/vyssi-stocne-za-destovku-bude-o-statni-dotace-zajem-i-potom-co-lide-zaplati-vic-za-vodu-36366\" target=\"_blank\" rel=\"noopener\">CEL\u00dd \u010cL\u00c1NEK<\/a><\/h4>\n<\/div>\n<p>&nbsp;<\/p>\n<p>&nbsp;<\/p>\n","protected":false},"excerpt":{"rendered":"<p>Dota\u010dn\u00ed program <\/p>\n","protected":false},"author":2,"featured_media":108686,"comment_status":"open","ping_status":"open","sticky":false,"template":"","format":"gallery","meta":{"footnotes":""},"categories":[18],"tags":[],"jetpack_featured_media_url":"https:\/\/zakrasnejsivimperk.cz\/wp-content\/uploads\/2017\/08\/30\/seznam-logo-1.png","_links":{"self":[{"href":"https:\/\/zakrasnejsivimperk.cz\/index.php?rest_route=\/wp\/v2\/posts\/108125"}],"collection":[{"href":"https:\/\/zakrasnejsivimperk.cz\/index.php?rest_route=\/wp\/v2\/posts"}],"about":[{"href":"https:\/\/zakrasnejsivimperk.cz\/index.php?rest_route=\/wp\/v2\/types\/post"}],"author":[{"embeddable":true,"href":"https:\/\/zakrasnejsivimperk.cz\/index.php?rest_route=\/wp\/v2\/users\/2"}],"replies":[{"embeddable":true,"href":"https:\/\/zakrasnejsivimperk.cz\/index.php?rest_route=%2Fwp%2Fv2%2Fcomments&post=108125"}],"version-history":[{"count":4,"href":"https:\/\/zakrasnejsivimperk.cz\/index.php?rest_route=\/wp\/v2\/posts\/108125\/revisions"}],"predecessor-version":[{"id":108690,"href":"https:\/\/zakrasnejsivimperk.cz\/index.php?rest_route=\/wp\/v2\/posts\/108125\/revisions\/108690"}],"wp:featuredmedia":[{"embeddable":true,"href":"https:\/\/zakrasnejsivimperk.cz\/index.php?rest_route=\/wp\/v2\/media\/108686"}],"wp:attachment":[{"href":"https:\/\/zakrasnejsivimperk.cz\/index.php?rest_route=%2Fwp%2Fv2%2Fmedia&parent=108125"}],"wp:term":[{"taxonomy":"category","embeddable":true,"href":"https:\/\/zakrasnejsivimperk.cz\/index.php?rest_route=%2Fwp%2Fv2%2Fcategories&post=108125"},{"taxonomy":"post_tag","embeddable":true,"href":"https:\/\/zakrasnejsivimperk.cz\/index.php?rest_route=%2Fwp%2Fv2%2Ftags&post=108125"}],"curies":[{"name":"wp","href":"https:\/\/api.w.org\/{rel}","templated":true}]}}