{"id":107915,"date":"2017-09-01T09:47:59","date_gmt":"2017-09-01T08:47:59","guid":{"rendered":"http:\/\/zakrasnejsivimperk.cz\/?p=107915"},"modified":"2017-09-01T09:47:59","modified_gmt":"2017-09-01T08:47:59","slug":"novinky-cz-nadchazejici-skolni-rok-prinese-zmeny-ve-stavajicich-predpisech-u-vetsiny-stupnu-vzdelavani","status":"publish","type":"post","link":"https:\/\/zakrasnejsivimperk.cz\/?p=107915","title":{"rendered":"NOVINKY.CZ: Nadch\u00e1zej\u00edc\u00ed \u0161koln\u00ed rok p\u0159inese zm\u011bny ve st\u00e1vaj\u00edc\u00edch p\u0159edpisech u v\u011bt\u0161iny stup\u0148\u016f vzd\u011bl\u00e1v\u00e1n\u00ed"},"content":{"rendered":"<h6><img loading=\"lazy\" decoding=\"async\" class=\"size-medium wp-image-3530 alignright\" src=\"http:\/\/zakrasnejsivimperk.cz\/wp-content\/uploads\/2014\/12\/novinky.cz_-300x169.jpg\" alt=\"\" width=\"300\" height=\"169\" srcset=\"https:\/\/zakrasnejsivimperk.cz\/wp-content\/uploads\/2014\/12\/novinky.cz_-300x169.jpg 300w, https:\/\/zakrasnejsivimperk.cz\/wp-content\/uploads\/2014\/12\/novinky.cz_.jpg 600w\" sizes=\"(max-width: 300px) 100vw, 300px\" \/>Nadch\u00e1zej\u00edc\u00ed \u0161koln\u00ed rok, kter\u00fd za\u010dne 4. z\u00e1\u0159\u00ed, p\u0159inese \u0159adu novinek a\u00a0\u00faprav ve st\u00e1vaj\u00edc\u00edch p\u0159edpisech. Dolehnou na stupn\u011b vzd\u011bl\u00e1v\u00e1n\u00ed od mate\u0159sk\u00fdch \u0161kol a\u017e po vy\u0161\u0161\u00ed odborn\u00e9. Za\u010dne platit povinn\u00e9 p\u0159ed\u0161koln\u00ed vzd\u011bl\u00e1v\u00e1n\u00ed v\u00a0posledn\u00edm ro\u010dn\u00edku mate\u0159sk\u00e9 \u0161koly a\u00a0pozm\u011bn\u00ed se pr\u00e1ce pedagogicko-psychologick\u00fdch poraden v\u00a0souvislosti s\u00a0inkluz\u00ed ve \u0161kol\u00e1ch. U\u010ditel\u00e9 by rovn\u011b\u017e m\u011bli b\u00fdt l\u00e9pe chr\u00e1n\u011bni p\u0159ed \u0161ikanou.<\/h6>\n<h4><a href=\"https:\/\/www.novinky.cz\/veda-skoly\/447465-novy-skolni-rok-prinese-zmeny-u-vetsiny-stupnu-vzdelavani.html?source=FBS\" target=\"_blank\" rel=\"noopener\"><strong>CEL\u00dd \u010cL\u00c1NEK<\/strong><\/a><\/h4>\n<p>&nbsp;<\/p>\n<p>&nbsp;<\/p>\n","protected":false},"excerpt":{"rendered":"<p>Nadch\u00e1zej\u00edc\u00ed \u0161koln\u00ed <\/p>\n","protected":false},"author":2,"featured_media":3530,"comment_status":"open","ping_status":"open","sticky":false,"template":"","format":"gallery","meta":{"footnotes":""},"categories":[18],"tags":[],"jetpack_featured_media_url":"https:\/\/zakrasnejsivimperk.cz\/wp-content\/uploads\/2014\/12\/novinky.cz_.jpg","_links":{"self":[{"href":"https:\/\/zakrasnejsivimperk.cz\/index.php?rest_route=\/wp\/v2\/posts\/107915"}],"collection":[{"href":"https:\/\/zakrasnejsivimperk.cz\/index.php?rest_route=\/wp\/v2\/posts"}],"about":[{"href":"https:\/\/zakrasnejsivimperk.cz\/index.php?rest_route=\/wp\/v2\/types\/post"}],"author":[{"embeddable":true,"href":"https:\/\/zakrasnejsivimperk.cz\/index.php?rest_route=\/wp\/v2\/users\/2"}],"replies":[{"embeddable":true,"href":"https:\/\/zakrasnejsivimperk.cz\/index.php?rest_route=%2Fwp%2Fv2%2Fcomments&post=107915"}],"version-history":[{"count":2,"href":"https:\/\/zakrasnejsivimperk.cz\/index.php?rest_route=\/wp\/v2\/posts\/107915\/revisions"}],"predecessor-version":[{"id":108337,"href":"https:\/\/zakrasnejsivimperk.cz\/index.php?rest_route=\/wp\/v2\/posts\/107915\/revisions\/108337"}],"wp:featuredmedia":[{"embeddable":true,"href":"https:\/\/zakrasnejsivimperk.cz\/index.php?rest_route=\/wp\/v2\/media\/3530"}],"wp:attachment":[{"href":"https:\/\/zakrasnejsivimperk.cz\/index.php?rest_route=%2Fwp%2Fv2%2Fmedia&parent=107915"}],"wp:term":[{"taxonomy":"category","embeddable":true,"href":"https:\/\/zakrasnejsivimperk.cz\/index.php?rest_route=%2Fwp%2Fv2%2Fcategories&post=107915"},{"taxonomy":"post_tag","embeddable":true,"href":"https:\/\/zakrasnejsivimperk.cz\/index.php?rest_route=%2Fwp%2Fv2%2Ftags&post=107915"}],"curies":[{"name":"wp","href":"https:\/\/api.w.org\/{rel}","templated":true}]}}