{"id":10787,"date":"2015-03-01T18:24:27","date_gmt":"2015-03-01T17:24:27","guid":{"rendered":"http:\/\/zakrasnejsivimperk.cz\/?p=10787"},"modified":"2015-03-06T20:22:52","modified_gmt":"2015-03-06T19:22:52","slug":"pro-sumavsko-predstavuje-nova-kavarna-ve-skale-a-vimperk-je-opet-krasnejsi","status":"publish","type":"post","link":"https:\/\/zakrasnejsivimperk.cz\/?p=10787","title":{"rendered":"PRO \u0160UMAVSKO P\u0158EDSTAVUJE: Nov\u00e1 Kav\u00e1rna Ve Sk\u00e1le&#8230;a Vimperk je op\u011bt kr\u00e1sn\u011bj\u0161\u00ed"},"content":{"rendered":"<p style=\"text-align: justify;\">Ve Vimperku, v Pivovarsk\u00e9 ulici, si od nyn\u011bj\u0161ka m\u016f\u017eete prohl\u00e9dnou n\u00e1dhern\u011b\u00a0zrekonstruovan\u00e9 prostory \u00fadajn\u011b nejstar\u0161\u00edho domu, kde se \u0159\u00edk\u00e1 U Jelena. Nav\u00edc si zde m\u016f\u017eete posed\u011bt ve stylov\u00e9 prvorepublikov\u00e9 Kav\u00e1rn\u011b Ve Sk\u00e1le, kter\u00e1 se pro ve\u0159ejnost otev\u00edr\u00e1 v pond\u011bl\u00ed 2. b\u0159ezna, za\u010d\u00edst se tu do knihy podle sv\u00e9ho v\u00fdb\u011bru (je jich opravdu obrovsk\u00e9 mno\u017estv\u00ed), p\u0159\u00edpadn\u011b zapreludovat na piano a ochutnat nejen Vil\u00e9movu k\u00e1vu.<\/p>\n<p><strong>Text a foto: <a href=\"http:\/\/prosumavsko.cz\/\" target=\"_blank\">PRO \u0160UMAVSKO<\/a><\/strong><\/p>\n<div id='gallery-1' class='gallery galleryid-10787 gallery-columns-3 gallery-size-medium'><figure class='gallery-item'>\n\t\t\t<div class='gallery-icon landscape'>\n\t\t\t\t<a href='https:\/\/zakrasnejsivimperk.cz\/?attachment_id=10788'><img loading=\"lazy\" decoding=\"async\" width=\"300\" height=\"198\" src=\"https:\/\/zakrasnejsivimperk.cz\/wp-content\/uploads\/2015\/03\/kavarna-Ve-Skale-1-300x198.jpg\" class=\"attachment-medium size-medium\" alt=\"\" aria-describedby=\"gallery-1-10788\" srcset=\"https:\/\/zakrasnejsivimperk.cz\/wp-content\/uploads\/2015\/03\/kavarna-Ve-Skale-1-300x198.jpg 300w, https:\/\/zakrasnejsivimperk.cz\/wp-content\/uploads\/2015\/03\/kavarna-Ve-Skale-1-100x65.jpg 100w, https:\/\/zakrasnejsivimperk.cz\/wp-content\/uploads\/2015\/03\/kavarna-Ve-Skale-1-539x357.jpg 539w, https:\/\/zakrasnejsivimperk.cz\/wp-content\/uploads\/2015\/03\/kavarna-Ve-Skale-1-730x483.jpg 730w, https:\/\/zakrasnejsivimperk.cz\/wp-content\/uploads\/2015\/03\/kavarna-Ve-Skale-1-180x120.jpg 180w, https:\/\/zakrasnejsivimperk.cz\/wp-content\/uploads\/2015\/03\/kavarna-Ve-Skale-1.jpg 960w\" sizes=\"(max-width: 300px) 100vw, 300px\" \/><\/a>\n\t\t\t<\/div>\n\t\t\t\t<figcaption class='wp-caption-text gallery-caption' id='gallery-1-10788'>\n\t\t\t\tD\u016fm U Jelena ve Vimperku, \u010d.p.61    &#8211;     Foto: Ji\u0159\u00ed VOP\u011aNKA\n\t\t\t\t<\/figcaption><\/figure><figure class='gallery-item'>\n\t\t\t<div class='gallery-icon portrait'>\n\t\t\t\t<a href='https:\/\/zakrasnejsivimperk.cz\/?attachment_id=10789'><img loading=\"lazy\" decoding=\"async\" width=\"198\" height=\"300\" src=\"https:\/\/zakrasnejsivimperk.cz\/wp-content\/uploads\/2015\/03\/kavarna-Ve-Skale-2-198x300.jpg\" class=\"attachment-medium size-medium\" alt=\"\" aria-describedby=\"gallery-1-10789\" srcset=\"https:\/\/zakrasnejsivimperk.cz\/wp-content\/uploads\/2015\/03\/kavarna-Ve-Skale-2-198x300.jpg 198w, https:\/\/zakrasnejsivimperk.cz\/wp-content\/uploads\/2015\/03\/kavarna-Ve-Skale-2-236x357.jpg 236w, https:\/\/zakrasnejsivimperk.cz\/wp-content\/uploads\/2015\/03\/kavarna-Ve-Skale-2-319x483.jpg 319w, https:\/\/zakrasnejsivimperk.cz\/wp-content\/uploads\/2015\/03\/kavarna-Ve-Skale-2.jpg 636w\" sizes=\"(max-width: 198px) 100vw, 198px\" \/><\/a>\n\t\t\t<\/div>\n\t\t\t\t<figcaption class='wp-caption-text gallery-caption' id='gallery-1-10789'>\n\t\t\t\tVil\u00e9m hl\u00edd\u00e1 okoln\u00ed d\u011bn\u00ed a v\u00edt\u00e1 n\u00e1v\u0161t\u011bvn\u00edky\n\t\t\t\t<\/figcaption><\/figure><figure class='gallery-item'>\n\t\t\t<div class='gallery-icon portrait'>\n\t\t\t\t<a href='https:\/\/zakrasnejsivimperk.cz\/?attachment_id=10790'><img loading=\"lazy\" decoding=\"async\" width=\"198\" height=\"300\" src=\"https:\/\/zakrasnejsivimperk.cz\/wp-content\/uploads\/2015\/03\/kavarna-Ve-Skale-3-198x300.jpg\" class=\"attachment-medium size-medium\" alt=\"\" aria-describedby=\"gallery-1-10790\" srcset=\"https:\/\/zakrasnejsivimperk.cz\/wp-content\/uploads\/2015\/03\/kavarna-Ve-Skale-3-198x300.jpg 198w, https:\/\/zakrasnejsivimperk.cz\/wp-content\/uploads\/2015\/03\/kavarna-Ve-Skale-3-236x357.jpg 236w, https:\/\/zakrasnejsivimperk.cz\/wp-content\/uploads\/2015\/03\/kavarna-Ve-Skale-3-319x483.jpg 319w, https:\/\/zakrasnejsivimperk.cz\/wp-content\/uploads\/2015\/03\/kavarna-Ve-Skale-3.jpg 636w\" sizes=\"(max-width: 198px) 100vw, 198px\" \/><\/a>\n\t\t\t<\/div>\n\t\t\t\t<figcaption class='wp-caption-text gallery-caption' id='gallery-1-10790'>\n\t\t\t\tInteri\u00e9r kav\u00e1rny Ve Sk\u00e1le\n\t\t\t\t<\/figcaption><\/figure><figure class='gallery-item'>\n\t\t\t<div class='gallery-icon landscape'>\n\t\t\t\t<a href='https:\/\/zakrasnejsivimperk.cz\/?attachment_id=10791'><img loading=\"lazy\" decoding=\"async\" width=\"300\" height=\"198\" src=\"https:\/\/zakrasnejsivimperk.cz\/wp-content\/uploads\/2015\/03\/kavarna-Ve-Skale-4-300x198.jpg\" class=\"attachment-medium size-medium\" alt=\"\" aria-describedby=\"gallery-1-10791\" srcset=\"https:\/\/zakrasnejsivimperk.cz\/wp-content\/uploads\/2015\/03\/kavarna-Ve-Skale-4-300x198.jpg 300w, https:\/\/zakrasnejsivimperk.cz\/wp-content\/uploads\/2015\/03\/kavarna-Ve-Skale-4-100x65.jpg 100w, https:\/\/zakrasnejsivimperk.cz\/wp-content\/uploads\/2015\/03\/kavarna-Ve-Skale-4-539x357.jpg 539w, https:\/\/zakrasnejsivimperk.cz\/wp-content\/uploads\/2015\/03\/kavarna-Ve-Skale-4-730x483.jpg 730w, https:\/\/zakrasnejsivimperk.cz\/wp-content\/uploads\/2015\/03\/kavarna-Ve-Skale-4-180x120.jpg 180w, https:\/\/zakrasnejsivimperk.cz\/wp-content\/uploads\/2015\/03\/kavarna-Ve-Skale-4.jpg 960w\" sizes=\"(max-width: 300px) 100vw, 300px\" \/><\/a>\n\t\t\t<\/div>\n\t\t\t\t<figcaption class='wp-caption-text gallery-caption' id='gallery-1-10791'>\n\t\t\t\tV kav\u00e1rn\u011b se pod\u00e1v\u00e1 Vil\u00e9mova k\u00e1va\n\t\t\t\t<\/figcaption><\/figure><figure class='gallery-item'>\n\t\t\t<div class='gallery-icon portrait'>\n\t\t\t\t<a href='https:\/\/zakrasnejsivimperk.cz\/?attachment_id=10792'><img loading=\"lazy\" decoding=\"async\" width=\"198\" height=\"300\" src=\"https:\/\/zakrasnejsivimperk.cz\/wp-content\/uploads\/2015\/03\/kavarna-Ve-Skale-5-198x300.jpg\" class=\"attachment-medium size-medium\" alt=\"\" aria-describedby=\"gallery-1-10792\" srcset=\"https:\/\/zakrasnejsivimperk.cz\/wp-content\/uploads\/2015\/03\/kavarna-Ve-Skale-5-198x300.jpg 198w, https:\/\/zakrasnejsivimperk.cz\/wp-content\/uploads\/2015\/03\/kavarna-Ve-Skale-5-236x357.jpg 236w, https:\/\/zakrasnejsivimperk.cz\/wp-content\/uploads\/2015\/03\/kavarna-Ve-Skale-5-319x483.jpg 319w, https:\/\/zakrasnejsivimperk.cz\/wp-content\/uploads\/2015\/03\/kavarna-Ve-Skale-5.jpg 636w\" sizes=\"(max-width: 198px) 100vw, 198px\" \/><\/a>\n\t\t\t<\/div>\n\t\t\t\t<figcaption class='wp-caption-text gallery-caption' id='gallery-1-10792'>\n\t\t\t\tInteri\u00e9r kav\u00e1rny Ve Sk\u00e1le\n\t\t\t\t<\/figcaption><\/figure><figure class='gallery-item'>\n\t\t\t<div class='gallery-icon portrait'>\n\t\t\t\t<a href='https:\/\/zakrasnejsivimperk.cz\/?attachment_id=10793'><img loading=\"lazy\" decoding=\"async\" width=\"198\" height=\"300\" src=\"https:\/\/zakrasnejsivimperk.cz\/wp-content\/uploads\/2015\/03\/kavarna-Ve-Skale-6-198x300.jpg\" class=\"attachment-medium size-medium\" alt=\"\" aria-describedby=\"gallery-1-10793\" srcset=\"https:\/\/zakrasnejsivimperk.cz\/wp-content\/uploads\/2015\/03\/kavarna-Ve-Skale-6-198x300.jpg 198w, https:\/\/zakrasnejsivimperk.cz\/wp-content\/uploads\/2015\/03\/kavarna-Ve-Skale-6-236x357.jpg 236w, https:\/\/zakrasnejsivimperk.cz\/wp-content\/uploads\/2015\/03\/kavarna-Ve-Skale-6-319x483.jpg 319w, https:\/\/zakrasnejsivimperk.cz\/wp-content\/uploads\/2015\/03\/kavarna-Ve-Skale-6.jpg 636w\" sizes=\"(max-width: 198px) 100vw, 198px\" \/><\/a>\n\t\t\t<\/div>\n\t\t\t\t<figcaption class='wp-caption-text gallery-caption' id='gallery-1-10793'>\n\t\t\t\tInteri\u00e9r kav\u00e1rny Ve Sk\u00e1le\n\t\t\t\t<\/figcaption><\/figure><figure class='gallery-item'>\n\t\t\t<div class='gallery-icon portrait'>\n\t\t\t\t<a href='https:\/\/zakrasnejsivimperk.cz\/?attachment_id=10794'><img loading=\"lazy\" decoding=\"async\" width=\"198\" height=\"300\" src=\"https:\/\/zakrasnejsivimperk.cz\/wp-content\/uploads\/2015\/03\/kavarna-Ve-Skale-7-198x300.jpg\" class=\"attachment-medium size-medium\" alt=\"\" aria-describedby=\"gallery-1-10794\" srcset=\"https:\/\/zakrasnejsivimperk.cz\/wp-content\/uploads\/2015\/03\/kavarna-Ve-Skale-7-198x300.jpg 198w, https:\/\/zakrasnejsivimperk.cz\/wp-content\/uploads\/2015\/03\/kavarna-Ve-Skale-7-236x357.jpg 236w, https:\/\/zakrasnejsivimperk.cz\/wp-content\/uploads\/2015\/03\/kavarna-Ve-Skale-7-319x483.jpg 319w, https:\/\/zakrasnejsivimperk.cz\/wp-content\/uploads\/2015\/03\/kavarna-Ve-Skale-7.jpg 636w\" sizes=\"(max-width: 198px) 100vw, 198px\" \/><\/a>\n\t\t\t<\/div>\n\t\t\t\t<figcaption class='wp-caption-text gallery-caption' id='gallery-1-10794'>\n\t\t\t\tInteri\u00e9r kav\u00e1rny Ve Sk\u00e1le\n\t\t\t\t<\/figcaption><\/figure><figure class='gallery-item'>\n\t\t\t<div class='gallery-icon portrait'>\n\t\t\t\t<a href='https:\/\/zakrasnejsivimperk.cz\/?attachment_id=10795'><img loading=\"lazy\" decoding=\"async\" width=\"198\" height=\"300\" src=\"https:\/\/zakrasnejsivimperk.cz\/wp-content\/uploads\/2015\/03\/kavarna-Ve-Skale-8-198x300.jpg\" class=\"attachment-medium size-medium\" alt=\"\" aria-describedby=\"gallery-1-10795\" srcset=\"https:\/\/zakrasnejsivimperk.cz\/wp-content\/uploads\/2015\/03\/kavarna-Ve-Skale-8-198x300.jpg 198w, https:\/\/zakrasnejsivimperk.cz\/wp-content\/uploads\/2015\/03\/kavarna-Ve-Skale-8-236x357.jpg 236w, https:\/\/zakrasnejsivimperk.cz\/wp-content\/uploads\/2015\/03\/kavarna-Ve-Skale-8-319x483.jpg 319w, https:\/\/zakrasnejsivimperk.cz\/wp-content\/uploads\/2015\/03\/kavarna-Ve-Skale-8.jpg 636w\" sizes=\"(max-width: 198px) 100vw, 198px\" \/><\/a>\n\t\t\t<\/div>\n\t\t\t\t<figcaption class='wp-caption-text gallery-caption' id='gallery-1-10795'>\n\t\t\t\tOchutnat m\u016f\u017eete v\u00edna z rodinn\u00e9ho vina\u0159stv\u00ed Ko\u0161ut Pru\u0161\u00e1nky\n\t\t\t\t<\/figcaption><\/figure><figure class='gallery-item'>\n\t\t\t<div class='gallery-icon landscape'>\n\t\t\t\t<a href='https:\/\/zakrasnejsivimperk.cz\/?attachment_id=10796'><img loading=\"lazy\" decoding=\"async\" width=\"300\" height=\"233\" src=\"https:\/\/zakrasnejsivimperk.cz\/wp-content\/uploads\/2015\/03\/kavarna-Ve-Skale-9-300x233.jpg\" class=\"attachment-medium size-medium\" alt=\"\" aria-describedby=\"gallery-1-10796\" srcset=\"https:\/\/zakrasnejsivimperk.cz\/wp-content\/uploads\/2015\/03\/kavarna-Ve-Skale-9-300x233.jpg 300w, https:\/\/zakrasnejsivimperk.cz\/wp-content\/uploads\/2015\/03\/kavarna-Ve-Skale-9-457x357.jpg 457w, https:\/\/zakrasnejsivimperk.cz\/wp-content\/uploads\/2015\/03\/kavarna-Ve-Skale-9-619x483.jpg 619w, https:\/\/zakrasnejsivimperk.cz\/wp-content\/uploads\/2015\/03\/kavarna-Ve-Skale-9.jpg 636w\" sizes=\"(max-width: 300px) 100vw, 300px\" \/><\/a>\n\t\t\t<\/div>\n\t\t\t\t<figcaption class='wp-caption-text gallery-caption' id='gallery-1-10796'>\n\t\t\t\tInteri\u00e9r kav\u00e1rny Ve Sk\u00e1le\n\t\t\t\t<\/figcaption><\/figure>\n\t\t<\/div>\n\n","protected":false},"excerpt":{"rendered":"<p>Ve Vimperku, <\/p>\n","protected":false},"author":2,"featured_media":10796,"comment_status":"open","ping_status":"open","sticky":false,"template":"","format":"gallery","meta":{"footnotes":""},"categories":[30],"tags":[],"jetpack_featured_media_url":"https:\/\/zakrasnejsivimperk.cz\/wp-content\/uploads\/2015\/03\/kavarna-Ve-Skale-9.jpg","_links":{"self":[{"href":"https:\/\/zakrasnejsivimperk.cz\/index.php?rest_route=\/wp\/v2\/posts\/10787"}],"collection":[{"href":"https:\/\/zakrasnejsivimperk.cz\/index.php?rest_route=\/wp\/v2\/posts"}],"about":[{"href":"https:\/\/zakrasnejsivimperk.cz\/index.php?rest_route=\/wp\/v2\/types\/post"}],"author":[{"embeddable":true,"href":"https:\/\/zakrasnejsivimperk.cz\/index.php?rest_route=\/wp\/v2\/users\/2"}],"replies":[{"embeddable":true,"href":"https:\/\/zakrasnejsivimperk.cz\/index.php?rest_route=%2Fwp%2Fv2%2Fcomments&post=10787"}],"version-history":[{"count":3,"href":"https:\/\/zakrasnejsivimperk.cz\/index.php?rest_route=\/wp\/v2\/posts\/10787\/revisions"}],"predecessor-version":[{"id":10804,"href":"https:\/\/zakrasnejsivimperk.cz\/index.php?rest_route=\/wp\/v2\/posts\/10787\/revisions\/10804"}],"wp:featuredmedia":[{"embeddable":true,"href":"https:\/\/zakrasnejsivimperk.cz\/index.php?rest_route=\/wp\/v2\/media\/10796"}],"wp:attachment":[{"href":"https:\/\/zakrasnejsivimperk.cz\/index.php?rest_route=%2Fwp%2Fv2%2Fmedia&parent=10787"}],"wp:term":[{"taxonomy":"category","embeddable":true,"href":"https:\/\/zakrasnejsivimperk.cz\/index.php?rest_route=%2Fwp%2Fv2%2Fcategories&post=10787"},{"taxonomy":"post_tag","embeddable":true,"href":"https:\/\/zakrasnejsivimperk.cz\/index.php?rest_route=%2Fwp%2Fv2%2Ftags&post=10787"}],"curies":[{"name":"wp","href":"https:\/\/api.w.org\/{rel}","templated":true}]}}