{"id":107658,"date":"2017-09-02T21:49:46","date_gmt":"2017-09-02T20:49:46","guid":{"rendered":"http:\/\/zakrasnejsivimperk.cz\/?p=107658"},"modified":"2017-09-03T07:04:32","modified_gmt":"2017-09-03T06:04:32","slug":"denik-zakaz-koureni-plati-ctvrt-roku-problemem-zustavaji-pergoly-a-zahradky","status":"publish","type":"post","link":"https:\/\/zakrasnejsivimperk.cz\/?p=107658","title":{"rendered":"DEN\u00cdK: Z\u00e1kaz kou\u0159en\u00ed plat\u00ed \u010dtvrt roku, probl\u00e9mem v\u0161ak jsou pergoly a zahr\u00e1dky. Uvid\u00edme v zimn\u00edch m\u011bs\u00edc\u00edch"},"content":{"rendered":"<h6><img loading=\"lazy\" decoding=\"async\" class=\"size-full wp-image-48551 alignright\" src=\"http:\/\/zakrasnejsivimperk.cz\/wp-content\/uploads\/2016\/02\/21\/Den\u00edk.jpg\" alt=\"\" width=\"287\" height=\"139\" \/>Protiku\u0159\u00e1ck\u00fd z\u00e1kon, kter\u00fd ve st\u0159edu bude platit \u010dtvrt roku, podle ministerstva nenav\u00fd\u0161il po\u010det p\u0159estupk\u016f hl\u00e1\u0161en\u00fdch policii. Pro jeho hodnocen\u00ed ale budou z\u00e1sadn\u00ed a\u017e zimn\u00ed\u00a0m\u011bs\u00edce.\u00a0Probl\u00e9mem st\u00e1le z\u016fst\u00e1v\u00e1 v\u00fdklad z\u00e1kazu kou\u0159en\u00ed na zahr\u00e1dk\u00e1ch a v\u00a0pergol\u00e1ch, resort proto na podzim chyst\u00e1 informa\u010dn\u00ed kampa\u0148. \u0158ekla to n\u00e1m\u011bstkyn\u011b ministra zdravotnictv\u00ed Lenka Teska Arno\u0161tov\u00e1 (\u010cSSD). Takzvan\u00e1 aplika\u010dn\u00ed lh\u016fta, kterou m\u011bli provozovatel\u00e9 na spln\u011bn\u00ed v\u0161ech podm\u00ednek z\u00e1kona, kon\u010d\u00ed v\u00a0\u00fater\u00fd 29.\u00a0srpna.<span id=\"copylink\"><br \/>\n<\/span><\/h6>\n<h4><a href=\"http:\/\/www.denik.cz\/ekonomika\/zakaz-koureni-plati-ctvrt-roku-problem-zustavaji-pergoly-20170826.html\" target=\"_blank\" rel=\"noopener\">CEL\u00dd \u010cL\u00c1NEK<\/a><\/h4>\n<p>&nbsp;<\/p>\n<p>&nbsp;<\/p>\n","protected":false},"excerpt":{"rendered":"<p>Protiku\u0159\u00e1ck\u00fd z\u00e1kon, <\/p>\n","protected":false},"author":2,"featured_media":48551,"comment_status":"open","ping_status":"open","sticky":false,"template":"","format":"gallery","meta":{"footnotes":""},"categories":[18],"tags":[],"jetpack_featured_media_url":"https:\/\/zakrasnejsivimperk.cz\/wp-content\/uploads\/2016\/02\/21\/Den\u00edk.jpg","_links":{"self":[{"href":"https:\/\/zakrasnejsivimperk.cz\/index.php?rest_route=\/wp\/v2\/posts\/107658"}],"collection":[{"href":"https:\/\/zakrasnejsivimperk.cz\/index.php?rest_route=\/wp\/v2\/posts"}],"about":[{"href":"https:\/\/zakrasnejsivimperk.cz\/index.php?rest_route=\/wp\/v2\/types\/post"}],"author":[{"embeddable":true,"href":"https:\/\/zakrasnejsivimperk.cz\/index.php?rest_route=\/wp\/v2\/users\/2"}],"replies":[{"embeddable":true,"href":"https:\/\/zakrasnejsivimperk.cz\/index.php?rest_route=%2Fwp%2Fv2%2Fcomments&post=107658"}],"version-history":[{"count":5,"href":"https:\/\/zakrasnejsivimperk.cz\/index.php?rest_route=\/wp\/v2\/posts\/107658\/revisions"}],"predecessor-version":[{"id":108523,"href":"https:\/\/zakrasnejsivimperk.cz\/index.php?rest_route=\/wp\/v2\/posts\/107658\/revisions\/108523"}],"wp:featuredmedia":[{"embeddable":true,"href":"https:\/\/zakrasnejsivimperk.cz\/index.php?rest_route=\/wp\/v2\/media\/48551"}],"wp:attachment":[{"href":"https:\/\/zakrasnejsivimperk.cz\/index.php?rest_route=%2Fwp%2Fv2%2Fmedia&parent=107658"}],"wp:term":[{"taxonomy":"category","embeddable":true,"href":"https:\/\/zakrasnejsivimperk.cz\/index.php?rest_route=%2Fwp%2Fv2%2Fcategories&post=107658"},{"taxonomy":"post_tag","embeddable":true,"href":"https:\/\/zakrasnejsivimperk.cz\/index.php?rest_route=%2Fwp%2Fv2%2Ftags&post=107658"}],"curies":[{"name":"wp","href":"https:\/\/api.w.org\/{rel}","templated":true}]}}