{"id":107404,"date":"2017-08-25T09:44:10","date_gmt":"2017-08-25T08:44:10","guid":{"rendered":"http:\/\/zakrasnejsivimperk.cz\/?p=107404"},"modified":"2017-08-25T09:45:41","modified_gmt":"2017-08-25T08:45:41","slug":"jednala-rada-mesta-firma-pro-opravu-skoly-v-parku-prostory-pro-farmarsky-obchod-aj","status":"publish","type":"post","link":"https:\/\/zakrasnejsivimperk.cz\/?p=107404","title":{"rendered":"JEDNALA RADA M\u011aSTA: Firma pro opravu z\u00e1kladn\u00ed \u0161koly v parku, prostory pro nov\u00fd farm\u00e1\u0159sk\u00fd obchod aj."},"content":{"rendered":"<p><img loading=\"lazy\" decoding=\"async\" class=\"aligncenter wp-image-99814 size-full\" src=\"http:\/\/zakrasnejsivimperk.cz\/wp-content\/uploads\/2017\/06\/07\/dokumenty.jpg\" alt=\"\" width=\"800\" height=\"352\" srcset=\"https:\/\/zakrasnejsivimperk.cz\/wp-content\/uploads\/2017\/06\/07\/dokumenty.jpg 800w, https:\/\/zakrasnejsivimperk.cz\/wp-content\/uploads\/2017\/06\/07\/dokumenty-300x132.jpg 300w, https:\/\/zakrasnejsivimperk.cz\/wp-content\/uploads\/2017\/06\/07\/dokumenty-768x338.jpg 768w\" sizes=\"(max-width: 800px) 100vw, 800px\" \/><\/p>\n<p>&nbsp;<\/p>\n<h6>Rada m\u011bsta Vimperk na sv\u00e9m pravideln\u00e9m zased\u00e1n\u00ed 21. srpna krom\u011b jin\u00e9ho projednala a schv\u00e1lila\u00a0<em>(p\u0159in\u00e1\u0161\u00edme p\u0159esnou citaci usnesen\u00ed bez redak\u010dn\u00ed \u00fapravy):<\/em><\/h6>\n<p><strong>Usnesen\u00ed \u010d. 814:\u00a0<\/strong><br \/>\nRada m\u011bsta rozhodla, na z\u00e1klad\u011b odst. 6 \u010dl. VII. Vnit\u0159n\u00ed sm\u011brnice \u010d. 1\/2014 \u201eZ\u00e1sady a postupy p\u0159i zad\u00e1v\u00e1n\u00ed ve\u0159ejn\u00fdch zak\u00e1zek\u201c a doporu\u010den\u00ed zastupitelstva m\u011bsta \u010d. 508 ze dne 07.08.2017, zadat ve\u0159ejnou zak\u00e1zku mal\u00e9ho rozsahu na stavebn\u00ed pr\u00e1ce \u201cObnova pl\u00e1\u0161t\u011b budovy \u010dp. 167 ve Vimperku\u201d obchodn\u00ed firm\u011b GSI INVEST s. r. o., Na Hroud\u011b 3317\/22, Praha 10 &#8211; Stra\u0161nice.<\/p>\n<p><strong>Usnesen\u00ed \u010d. 817:<\/strong><br \/>\nRada m\u011bsta rozhodla v souladu s Vnit\u0159n\u00ed sm\u011brnic\u00ed \u010d. 1\/2014 o z\u00e1sad\u00e1ch a postupu p\u0159i zad\u00e1v\u00e1n\u00ed ve\u0159ejn\u00fdch zak\u00e1zek zadat ve\u0159ejnou zak\u00e1zku mal\u00e9ho rozsahu na stavebn\u00ed pr\u00e1ce \u201eVimperk, ulice Su\u0161ick\u00e1 \u2013 p\u0159echod pro chodce na sinici II\/145, u Tesca\u201c.<\/p>\n<p><strong>Usnesen\u00ed \u010d. 818:<\/strong><br \/>\nRada m\u011bsta jmenuje v souladu s Vnit\u0159n\u00ed sm\u011brnic\u00ed \u010d. 1\/2014 o z\u00e1sad\u00e1ch a postupu p\u0159i zad\u00e1v\u00e1n\u00ed ve\u0159ejn\u00fdch zak\u00e1zek komisi na ve\u0159ejnou zak\u00e1zku mal\u00e9ho rozsahu na stavebn\u00ed pr\u00e1ce \u201eVimperk, ulice Su\u0161ick\u00e1 \u2013 p\u0159echod pro chodce na sinici II\/145, u Tesca\u201c, ve slo\u017een\u00ed: Luk\u00e1\u0161 S\u00fds, Zden\u011bk Kutil, Ing. Michal Jan\u010de, Josef Mistr, Petr Kv\u011bto\u0148.<\/p>\n<p><strong>Usnesen\u00ed \u010d. 828:<\/strong><br \/>\nRada m\u011bsta rozhodla pronajmout prostory slou\u017e\u00edc\u00ed podnik\u00e1n\u00ed v \u010dp. 74 v ulici 1. m\u00e1je ve Vimperku, \u010d. prostor 305 o celkov\u00e9 v\u00fdm\u011b\u0159e 49,94 m2 za \u00fa\u010delem z\u0159\u00edzen\u00ed farm\u00e1\u0159sk\u00e9ho obchodu. N\u00e1jemn\u00e9 je stanoveno u reprezentativn\u00edch prostor ve v\u00fd\u0161i 1009,93 K\u010d\/m2\/rok, u prostor skladov\u00fdch ve v\u00fd\u0161i 807 K\u010d\/m2 \/rok. N\u00e1jemn\u00ed smlouva bude uzav\u0159ena na dobuneur\u010ditou s 3 m\u011bs\u00ed\u010dn\u00ed v\u00fdpov\u011bdn\u00ed lh\u016ftou s platnost\u00ed od 01.09.2017. Zp\u016fsobilost p\u0159edm\u011btu za \u00fa\u010delem n\u00e1jmu si zajist\u00ed n\u00e1jemce. Provoz bude zah\u00e1jen nejpozd\u011bji od 01.10.2017.<\/p>\n<p><strong>Usnesen\u00ed \u010d. 829:<\/strong><br \/>\nRada m\u011bsta rozhodla vyp\u016fj\u010dit objekt Hrabice \u010dp. 65 &#8211; \u010d. prostoru 310 o celkov\u00e9 v\u00fdm\u011b\u0159e 102 m2 (hasi\u010dsk\u00e1 zbrojnice) SH \u010cMS sboru dobrovoln\u00fdch hasi\u010d\u016f Hrabice za \u00fa\u010delem z\u0159\u00edzen\u00ed klubovny a z\u00e1zem\u00ed sboru a jednotky PO. Smlouva o v\u00fdp\u016fj\u010dce bude uzav\u0159ena na dobu neur\u010ditou s 3 m\u011bs\u00ed\u010dn\u00ed v\u00fdpov\u011bdn\u00ed lh\u016ftou s platnost\u00ed od 01.09.2017. N\u00e1klady na slu\u017eby spojen\u00e9 s provozem hrad\u00ed vyp\u016fj\u010ditel. Zp\u016fsobilost p\u0159edm\u011btu za \u00fa\u010delem v\u00fdp\u016fj\u010dky si zajist\u00ed vyp\u016fj\u010ditel.<\/p>\n<p><strong>Usnesen\u00ed \u010d. 832:<\/strong><br \/>\nRada m\u011bsta schvaluje a vyhla\u0161uje v\u00fdzvu k pod\u00e1n\u00ed \u017e\u00e1dost\u00ed o dotaci pro podporu sportovn\u00edch klub\u016f v roce 2017, V\u00fdzva: Podpora sportu 2017\/2\u201c dle p\u0159edlo\u017een\u00e9ho n\u00e1vrhu. Rada m\u011bsta pov\u011b\u0159uje sportovn\u00edm komisi vyhodnocen\u00edm podan\u00fdch \u017e\u00e1dost\u00ed.<\/p>\n<p><strong>Usnesen\u00ed \u010d. 834:<\/strong><br \/>\nRada m\u011bsta rozhodla poskytnout individu\u00e1ln\u00ed dotaci ve v\u00fd\u0161i 7.300 K\u010d Z\u0160 Vimperk, Smetanova 405, okres Prachatice, na \u00fahradu n\u00e1klad\u016f za dopravu \u017e\u00e1k\u016f a pedagogick\u00e9ho doprovodu na krajsk\u00e9 fin\u00e1le ve fotbalu, kter\u00e9 se uskute\u010dnilo 20.05.2017 v P\u00edsku a na krajsk\u00e9 fin\u00e1le \u017e\u00e1k\u016f ve stoln\u00edm tenisu, kter\u00e9 se uskute\u010dnilo 19.05.2017 v Jind\u0159ichov\u011b Hradci.<\/p>\n<p><strong>(red)<\/strong><\/p>\n<h4><a href=\"http:\/\/www.vimperk.cz\/files\/9530-rada-mesta-21-08-2017.pdf\" target=\"_blank\" rel=\"noopener\">Cel\u00fd z\u00e1pis z jedn\u00e1n\u00ed\u00a0<em>(ve form\u00e1tu PDF)<\/em><\/a><\/h4>\n<p>&nbsp;<\/p>\n<p>&nbsp;<\/p>\n<p>&nbsp;<\/p>\n","protected":false},"excerpt":{"rendered":"<p>&nbsp; Rada <\/p>\n","protected":false},"author":2,"featured_media":99814,"comment_status":"open","ping_status":"open","sticky":false,"template":"","format":"gallery","meta":{"footnotes":""},"categories":[7],"tags":[],"jetpack_featured_media_url":"https:\/\/zakrasnejsivimperk.cz\/wp-content\/uploads\/2017\/06\/07\/dokumenty.jpg","_links":{"self":[{"href":"https:\/\/zakrasnejsivimperk.cz\/index.php?rest_route=\/wp\/v2\/posts\/107404"}],"collection":[{"href":"https:\/\/zakrasnejsivimperk.cz\/index.php?rest_route=\/wp\/v2\/posts"}],"about":[{"href":"https:\/\/zakrasnejsivimperk.cz\/index.php?rest_route=\/wp\/v2\/types\/post"}],"author":[{"embeddable":true,"href":"https:\/\/zakrasnejsivimperk.cz\/index.php?rest_route=\/wp\/v2\/users\/2"}],"replies":[{"embeddable":true,"href":"https:\/\/zakrasnejsivimperk.cz\/index.php?rest_route=%2Fwp%2Fv2%2Fcomments&post=107404"}],"version-history":[{"count":3,"href":"https:\/\/zakrasnejsivimperk.cz\/index.php?rest_route=\/wp\/v2\/posts\/107404\/revisions"}],"predecessor-version":[{"id":107519,"href":"https:\/\/zakrasnejsivimperk.cz\/index.php?rest_route=\/wp\/v2\/posts\/107404\/revisions\/107519"}],"wp:featuredmedia":[{"embeddable":true,"href":"https:\/\/zakrasnejsivimperk.cz\/index.php?rest_route=\/wp\/v2\/media\/99814"}],"wp:attachment":[{"href":"https:\/\/zakrasnejsivimperk.cz\/index.php?rest_route=%2Fwp%2Fv2%2Fmedia&parent=107404"}],"wp:term":[{"taxonomy":"category","embeddable":true,"href":"https:\/\/zakrasnejsivimperk.cz\/index.php?rest_route=%2Fwp%2Fv2%2Fcategories&post=107404"},{"taxonomy":"post_tag","embeddable":true,"href":"https:\/\/zakrasnejsivimperk.cz\/index.php?rest_route=%2Fwp%2Fv2%2Ftags&post=107404"}],"curies":[{"name":"wp","href":"https:\/\/api.w.org\/{rel}","templated":true}]}}