{"id":107184,"date":"2017-08-23T11:05:58","date_gmt":"2017-08-23T10:05:58","guid":{"rendered":"http:\/\/zakrasnejsivimperk.cz\/?p=107184"},"modified":"2017-09-10T13:17:43","modified_gmt":"2017-09-10T12:17:43","slug":"odpoved-z-radnice-ktera-firma-opravi-budovu-zakladni-skoly-v-parku-a-kdy-se-pusti-do-prace","status":"publish","type":"post","link":"https:\/\/zakrasnejsivimperk.cz\/?p=107184","title":{"rendered":"ODPOV\u011a\u010e Z RADNICE: Kter\u00e1 dal\u0161\u00ed firma bude opravovat st\u0159echu a fas\u00e1du z\u00e1kladn\u00ed \u0161koly v parku a kdy za\u010dne?"},"content":{"rendered":"<p><img loading=\"lazy\" decoding=\"async\" class=\"aligncenter wp-image-101169 size-full\" src=\"http:\/\/zakrasnejsivimperk.cz\/wp-content\/uploads\/2017\/06\/21\/\u0161kola-v-parku-2.jpg\" alt=\"\" width=\"800\" height=\"533\" srcset=\"https:\/\/zakrasnejsivimperk.cz\/wp-content\/uploads\/2017\/06\/21\/\u0161kola-v-parku-2.jpg 800w, https:\/\/zakrasnejsivimperk.cz\/wp-content\/uploads\/2017\/06\/21\/\u0161kola-v-parku-2-300x200.jpg 300w, https:\/\/zakrasnejsivimperk.cz\/wp-content\/uploads\/2017\/06\/21\/\u0161kola-v-parku-2-768x512.jpg 768w, https:\/\/zakrasnejsivimperk.cz\/wp-content\/uploads\/2017\/06\/21\/\u0161kola-v-parku-2-536x357.jpg 536w, https:\/\/zakrasnejsivimperk.cz\/wp-content\/uploads\/2017\/06\/21\/\u0161kola-v-parku-2-725x483.jpg 725w\" sizes=\"(max-width: 800px) 100vw, 800px\" \/><\/p>\n<p>&nbsp;<\/p>\n<h6>Pt\u00e1me se vimpersk\u00e9ho m\u00edstostarosty Luk\u00e1\u0161e S\u00fdse:<\/h6>\n<p><strong>Oprava fas\u00e1dy a st\u0159echy budovy z\u00e1kladn\u00ed \u0161koly ve vimpersk\u00e9m parku je st\u00e1le na mrtv\u00e9m bod\u011b. Nic se tam ned\u011bje. Podle na\u0161ich informac\u00ed se m\u011bla situac\u00ed op\u011btovn\u011b tento t\u00fdden v pond\u011bl\u00ed zab\u00fdvat rada m\u011bsta. Pros\u00edm, sd\u011blte na\u0161im \u010dten\u00e1\u0159\u016fm, kterou firmu rada ur\u010dila coby nov\u00e9ho zhotovitele, kdy je p\u0159edpoklad zah\u00e1jen\u00ed prac\u00ed a jak pokro\u010dilo vz\u00e1jemn\u00e9 vyrovn\u00e1n\u00ed s p\u0159edchoz\u00edm zhotovitelem, kter\u00fd od smlouvy s m\u011bstem odstoupil.<\/strong><\/p>\n<p>&nbsp;<\/p>\n<h6>M\u00edstostarosta Luk\u00e1\u0161 S\u00fds odpov\u00edd\u00e1:<\/h6>\n<p><em><img loading=\"lazy\" decoding=\"async\" class=\"size-full wp-image-105050 alignleft\" src=\"http:\/\/zakrasnejsivimperk.cz\/wp-content\/uploads\/2017\/08\/01\/luk\u00e1\u0161-s\u00fds-1.jpg\" alt=\"\" width=\"104\" height=\"137\" \/>Na pond\u011bln\u00edm zased\u00e1n\u00ed rady m\u011bsta bylo rozhodnuto (na z\u00e1klad\u011b odst. 6 \u010dl. VII. Vnit\u0159n\u00ed sm\u011brnice \u010d. 1\/2014 Z\u00e1sady a postupy p\u0159i zad\u00e1v\u00e1n\u00ed ve\u0159ejn\u00fdch zak\u00e1zek) zadat zak\u00e1zku na stavebn\u00ed pr\u00e1ce Obnova pl\u00e1\u0161t\u011b budovy \u010dp. 167 ve Vimperku firm\u011b GSI INVEST s.r.o., kter\u00e1 se um\u00edstila na druh\u00e9m m\u00edst\u011b v\u00a0r\u00e1mci zad\u00e1vac\u00edho \u0159\u00edzen\u00ed t\u00e9to ve\u0159ejn\u00e9 zak\u00e1zky. Rada m\u011bsta tak u\u010dinila na z\u00e1klad\u011b doporu\u010den\u00ed zastupitelstva m\u011bsta ze dne 7.8.2017, kdy zastupitelstvo m\u011bsta doporu\u010dilo rad\u011b m\u011bsta jednat s dodavateli, kte\u0159\u00ed se um\u00edstili na druh\u00e9m a t\u0159et\u00edm m\u00edst\u011b v r\u00e1mci zad\u00e1vac\u00edho \u0159\u00edzen\u00ed na ve\u0159ejnou zak\u00e1zku mal\u00e9ho rozsahu na stavebn\u00ed pr\u00e1ce \u201eObnova pl\u00e1\u0161t\u011b budovy \u010dp. 167 ve Vimperku\u201c a zadat tuto ve\u0159ejnou zak\u00e1zku p\u0159\u00edm\u00fdm zad\u00e1n\u00edm jednomu z t\u011bchto dodavatel\u016f. S\u00a0firmou IZOGARANT zat\u00edm vz\u00e1jemn\u00e9 vyrovn\u00e1n\u00ed neprob\u011bhlo, v\u0161e nyn\u00ed \u0159e\u0161\u00ed pr\u00e1vn\u00edk na\u0161eho m\u011bsta a odbor investic s\u00a0pr\u00e1vn\u00edkem a s\u00a0jednatelem uveden\u00e9 firmy. Pr\u00e1ce na budov\u011b by novou firmou m\u011bly za\u010d\u00edt od z\u00e1\u0159\u00ed, budeme tedy doufat, \u017ee se n\u00e1m ji\u017e podobn\u00e9 probl\u00e9my u t\u00e9to zak\u00e1zky vyhnou.<\/em><\/p>\n<p><strong>(red)<\/strong><\/p>\n<p>Foto: (red) \u2013 Za kr\u00e1sn\u011bj\u0161\u00ed Vimperk<\/p>\n<p><strong>Psali jsme tak\u00e9:<\/strong><\/p>\n<h6 class=\"entry-title\"><a title=\"ODPOV\u011a\u010e Z RADNICE: Co d\u00e1l s p\u0159eru\u0161enou opravou z\u00e1kladn\u00ed \u0161koly v parku, nep\u0159ijde m\u011bsto o dotaci?\" href=\"http:\/\/zakrasnejsivimperk.cz\/?p=105049\" target=\"_blank\" rel=\"bookmark noopener noreferrer\">ODPOV\u011a\u010e Z RADNICE: Co d\u00e1l s p\u0159eru\u0161enou opravou z\u00e1kladn\u00ed \u0161koly v parku, nep\u0159ijde m\u011bsto o dotaci?<\/a><\/h6>\n<h6><a href=\"http:\/\/zakrasnejsivimperk.cz\/?p=103573\" target=\"_blank\" rel=\"noopener noreferrer\">LE\u0160EN\u00cd BEZ D\u011aLN\u00cdK\u016e (4): Firma sl\u00edbila pokra\u010dov\u00e1n\u00ed prac\u00ed od t\u00e9to st\u0159edy, \u0159\u00edk\u00e1 m\u00edstostarosta Luk\u00e1\u0161 S\u00fds<\/a><\/h6>\n<h6><a title=\"LE\u0160EN\u00cd BEZ D\u011aLN\u00cdK\u016e (3): Zhotovitelsk\u00e1 firma ode\u0161la od zapo\u010dat\u00e9 pr\u00e1ce a zat\u00edm se k n\u00ed st\u00e1le ner\u00e1\u010d\u00ed vr\u00e1tit\" href=\"http:\/\/zakrasnejsivimperk.cz\/?p=102315\" target=\"_blank\" rel=\"bookmark noopener noreferrer\">LE\u0160EN\u00cd BEZ D\u011aLN\u00cdK\u016e (3): Zhotovitelsk\u00e1 firma ode\u0161la od zapo\u010dat\u00e9 pr\u00e1ce a zat\u00edm se k n\u00ed st\u00e1le ner\u00e1\u010d\u00ed vr\u00e1tit<\/a><\/h6>\n<h6><a title=\"LE\u0160EN\u00cd BEZ D\u011aLN\u00cdK\u016e (2): M\u00edstostarosta Luk\u00e1\u0161 S\u00fds odpov\u00edd\u00e1 na dal\u0161\u00ed ot\u00e1zky k obnov\u011b fas\u00e1dy Z\u0160 v parku\" href=\"http:\/\/zakrasnejsivimperk.cz\/?p=101117\" target=\"_blank\" rel=\"bookmark noopener noreferrer\">LE\u0160EN\u00cd BEZ D\u011aLN\u00cdK\u016e (2): M\u00edstostarosta Luk\u00e1\u0161 S\u00fds odpov\u00edd\u00e1 na dal\u0161\u00ed ot\u00e1zky k obnov\u011b fas\u00e1dy Z\u0160 v parku<\/a><\/h6>\n<h6><a title=\"LE\u0160EN\u00cd BEZ D\u011aLN\u00cdK\u016e: Pro\u010d nepokra\u010duje obnova fas\u00e1dy \u0161koly v parku? Odpov\u00edd\u00e1 m\u00edstostarosta Luk\u00e1\u0161 S\u00fds\" href=\"http:\/\/zakrasnejsivimperk.cz\/?p=101036\" target=\"_blank\" rel=\"bookmark noopener noreferrer\">LE\u0160EN\u00cd BEZ D\u011aLN\u00cdK\u016e: Pro\u010d nepokra\u010duje obnova fas\u00e1dy \u0161koly v parku? Odpov\u00edd\u00e1 m\u00edstostarosta Luk\u00e1\u0161 S\u00fds<\/a><\/h6>\n<p>&nbsp;<\/p>\n<p>&nbsp;<\/p>\n<p>&nbsp;<\/p>\n","protected":false},"excerpt":{"rendered":"<p>&nbsp; Pt\u00e1me <\/p>\n","protected":false},"author":2,"featured_media":105051,"comment_status":"open","ping_status":"open","sticky":false,"template":"","format":"gallery","meta":{"footnotes":""},"categories":[7],"tags":[],"jetpack_featured_media_url":"https:\/\/zakrasnejsivimperk.cz\/wp-content\/uploads\/2017\/08\/01\/luk\u00e1\u0161-s\u00fds-2.jpg","_links":{"self":[{"href":"https:\/\/zakrasnejsivimperk.cz\/index.php?rest_route=\/wp\/v2\/posts\/107184"}],"collection":[{"href":"https:\/\/zakrasnejsivimperk.cz\/index.php?rest_route=\/wp\/v2\/posts"}],"about":[{"href":"https:\/\/zakrasnejsivimperk.cz\/index.php?rest_route=\/wp\/v2\/types\/post"}],"author":[{"embeddable":true,"href":"https:\/\/zakrasnejsivimperk.cz\/index.php?rest_route=\/wp\/v2\/users\/2"}],"replies":[{"embeddable":true,"href":"https:\/\/zakrasnejsivimperk.cz\/index.php?rest_route=%2Fwp%2Fv2%2Fcomments&post=107184"}],"version-history":[{"count":11,"href":"https:\/\/zakrasnejsivimperk.cz\/index.php?rest_route=\/wp\/v2\/posts\/107184\/revisions"}],"predecessor-version":[{"id":109230,"href":"https:\/\/zakrasnejsivimperk.cz\/index.php?rest_route=\/wp\/v2\/posts\/107184\/revisions\/109230"}],"wp:featuredmedia":[{"embeddable":true,"href":"https:\/\/zakrasnejsivimperk.cz\/index.php?rest_route=\/wp\/v2\/media\/105051"}],"wp:attachment":[{"href":"https:\/\/zakrasnejsivimperk.cz\/index.php?rest_route=%2Fwp%2Fv2%2Fmedia&parent=107184"}],"wp:term":[{"taxonomy":"category","embeddable":true,"href":"https:\/\/zakrasnejsivimperk.cz\/index.php?rest_route=%2Fwp%2Fv2%2Fcategories&post=107184"},{"taxonomy":"post_tag","embeddable":true,"href":"https:\/\/zakrasnejsivimperk.cz\/index.php?rest_route=%2Fwp%2Fv2%2Ftags&post=107184"}],"curies":[{"name":"wp","href":"https:\/\/api.w.org\/{rel}","templated":true}]}}