{"id":107093,"date":"2017-08-22T14:18:50","date_gmt":"2017-08-22T13:18:50","guid":{"rendered":"http:\/\/zakrasnejsivimperk.cz\/?p=107093"},"modified":"2017-08-22T16:29:42","modified_gmt":"2017-08-22T15:29:42","slug":"ceske-budejovice-vedeni-jihoceskeho-kraje-dekuje-vsem-kteri-se-podileli-na-likvidaci-skod-po-bourkach-a-vichrici","status":"publish","type":"post","link":"https:\/\/zakrasnejsivimperk.cz\/?p=107093","title":{"rendered":"\u010c. BUD\u011aJOVICE: Veden\u00ed Jiho\u010d. kraje d\u011bkuje v\u0161em, kte\u0159\u00ed se pod\u00edleli na likvidaci \u0161kod po bou\u0159k\u00e1ch a vich\u0159ici"},"content":{"rendered":"<p><img loading=\"lazy\" decoding=\"async\" class=\"aligncenter wp-image-107094 size-full\" src=\"http:\/\/zakrasnejsivimperk.cz\/wp-content\/uploads\/2017\/08\/22\/d\u011bkujeme.jpg\" alt=\"\" width=\"673\" height=\"267\" srcset=\"https:\/\/zakrasnejsivimperk.cz\/wp-content\/uploads\/2017\/08\/22\/d\u011bkujeme.jpg 673w, https:\/\/zakrasnejsivimperk.cz\/wp-content\/uploads\/2017\/08\/22\/d\u011bkujeme-300x119.jpg 300w\" sizes=\"(max-width: 673px) 100vw, 673px\" \/><\/p>\n<p>&nbsp;<\/p>\n<h6>Jsou okam\u017eiky, kdy jsme r\u00e1di, \u017ee i kdy\u017e to vypad\u00e1 na konec sv\u011bta, je n\u00e1m st\u00e1le n\u011bkdo nabl\u00edzku!<\/h6>\n<h6>Veden\u00ed Jiho\u010desk\u00e9ho kraje d\u011bkuje energetik\u016fm, profesion\u00e1ln\u00edm i dobrovoln\u00fdm hasi\u010d\u016fm, z\u00e1chran\u00e1\u0159\u016fm, policejn\u00edm slo\u017ek\u00e1m i pracovn\u00edk\u016fm \u010cesk\u00fdch drah za mimo\u0159\u00e1dn\u00e9 pracovn\u00ed nasazen\u00ed a ob\u011btavost, kterou prok\u00e1zali b\u011bhem uplynul\u00e9ho v\u00edkendu.<\/h6>\n<h6>Jen d\u00edky nim se poda\u0159ilo v mimo\u0159\u00e1dn\u011b kr\u00e1tk\u00e9m term\u00ednu vy\u0159e\u0161it nejhor\u0161\u00ed \u0161kody, zp\u016fsoben\u00e9 bou\u0159kami a silnou vich\u0159ic\u00ed tak, aby se na jihu \u010cech mohlo v\u0161e co nejd\u0159\u00edve vr\u00e1tit k b\u011b\u017en\u00e9mu \u017eivotu.<\/h6>\n<h6>Je uklid\u0148uj\u00edc\u00ed v\u011bd\u011bt, \u017ee m\u00e1me mezi sebou lidi, na n\u011b\u017e se m\u016f\u017eeme spolehnout. D\u00edky.<\/h6>\n<h6><span class=\"_47e3 _5mfr\" title=\"Emotikona like\">(jg)<\/span><\/h6>\n<p>&nbsp;<\/p>\n<p>&nbsp;<\/p>\n<p>&nbsp;<\/p>\n<p>&nbsp;<\/p>\n","protected":false},"excerpt":{"rendered":"<p>&nbsp; Jsou <\/p>\n","protected":false},"author":2,"featured_media":107100,"comment_status":"open","ping_status":"open","sticky":false,"template":"","format":"gallery","meta":{"footnotes":""},"categories":[7],"tags":[],"jetpack_featured_media_url":"https:\/\/zakrasnejsivimperk.cz\/wp-content\/uploads\/2017\/08\/22\/d\u011bkujeme-titul.jpg","_links":{"self":[{"href":"https:\/\/zakrasnejsivimperk.cz\/index.php?rest_route=\/wp\/v2\/posts\/107093"}],"collection":[{"href":"https:\/\/zakrasnejsivimperk.cz\/index.php?rest_route=\/wp\/v2\/posts"}],"about":[{"href":"https:\/\/zakrasnejsivimperk.cz\/index.php?rest_route=\/wp\/v2\/types\/post"}],"author":[{"embeddable":true,"href":"https:\/\/zakrasnejsivimperk.cz\/index.php?rest_route=\/wp\/v2\/users\/2"}],"replies":[{"embeddable":true,"href":"https:\/\/zakrasnejsivimperk.cz\/index.php?rest_route=%2Fwp%2Fv2%2Fcomments&post=107093"}],"version-history":[{"count":6,"href":"https:\/\/zakrasnejsivimperk.cz\/index.php?rest_route=\/wp\/v2\/posts\/107093\/revisions"}],"predecessor-version":[{"id":107126,"href":"https:\/\/zakrasnejsivimperk.cz\/index.php?rest_route=\/wp\/v2\/posts\/107093\/revisions\/107126"}],"wp:featuredmedia":[{"embeddable":true,"href":"https:\/\/zakrasnejsivimperk.cz\/index.php?rest_route=\/wp\/v2\/media\/107100"}],"wp:attachment":[{"href":"https:\/\/zakrasnejsivimperk.cz\/index.php?rest_route=%2Fwp%2Fv2%2Fmedia&parent=107093"}],"wp:term":[{"taxonomy":"category","embeddable":true,"href":"https:\/\/zakrasnejsivimperk.cz\/index.php?rest_route=%2Fwp%2Fv2%2Fcategories&post=107093"},{"taxonomy":"post_tag","embeddable":true,"href":"https:\/\/zakrasnejsivimperk.cz\/index.php?rest_route=%2Fwp%2Fv2%2Ftags&post=107093"}],"curies":[{"name":"wp","href":"https:\/\/api.w.org\/{rel}","templated":true}]}}