{"id":106780,"date":"2017-08-20T16:04:12","date_gmt":"2017-08-20T15:04:12","guid":{"rendered":"http:\/\/zakrasnejsivimperk.cz\/?p=106780"},"modified":"2017-08-20T16:04:12","modified_gmt":"2017-08-20T15:04:12","slug":"odpoved-z-radnice-kdy-skonci-rekonstrukce-skolni-telocvicny-a-co-je-pricinou-navyseni-stavebnich-praci","status":"publish","type":"post","link":"https:\/\/zakrasnejsivimperk.cz\/?p=106780","title":{"rendered":"ODPOV\u011a\u010e Z RADNICE: Kdy skon\u010d\u00ed rekonstrukce \u0161koln\u00ed t\u011blocvi\u010dny a co je p\u0159\u00ed\u010dinou nav\u00fd\u0161en\u00ed stavebn\u00edch prac\u00ed?"},"content":{"rendered":"<p><img loading=\"lazy\" decoding=\"async\" class=\"aligncenter wp-image-32566 size-full\" src=\"http:\/\/zakrasnejsivimperk.cz\/wp-content\/uploads\/2015\/10\/01\/vimperk-zs-tgm.jpg\" alt=\"\" width=\"800\" height=\"554\" srcset=\"https:\/\/zakrasnejsivimperk.cz\/wp-content\/uploads\/2015\/10\/01\/vimperk-zs-tgm.jpg 800w, https:\/\/zakrasnejsivimperk.cz\/wp-content\/uploads\/2015\/10\/01\/vimperk-zs-tgm-300x208.jpg 300w, https:\/\/zakrasnejsivimperk.cz\/wp-content\/uploads\/2015\/10\/01\/vimperk-zs-tgm-516x357.jpg 516w, https:\/\/zakrasnejsivimperk.cz\/wp-content\/uploads\/2015\/10\/01\/vimperk-zs-tgm-697x483.jpg 697w\" sizes=\"(max-width: 800px) 100vw, 800px\" \/><\/p>\n<p>&nbsp;<\/p>\n<h6>Pt\u00e1me se vimpersk\u00e9ho m\u00edstostarosty Luk\u00e1\u0161e S\u00fdse:<\/h6>\n<p><strong>Opravy a modernizace v t\u011blocvi\u010dn\u011b hlavn\u00ed budovy Z\u00e1kladn\u00ed \u0161koly T. G. Masaryka ve Vimperku nabraly zpo\u017ed\u011bn\u00ed a prot\u00e1hnou se do nov\u00e9ho \u0161koln\u00edho roku. Co je p\u0159\u00ed\u010dinou nepl\u00e1novan\u00fdch stavebn\u00edch prac\u00ed a kolik pen\u011bz nad r\u00e1mec p\u0159edpokl\u00e1dan\u00e9ho rozpo\u010dtu na to bude t\u0159eba? Kdy pr\u00e1ce skon\u010d\u00ed a jak bude do t\u00e9 doby zaji\u0161t\u011bna v\u00fduka t\u011blesn\u00e9 v\u00fdchovy \u017e\u00e1k\u016f? <\/strong><\/p>\n<p>&nbsp;<\/p>\n<h6>M\u00edstostarosta Luk\u00e1\u0161 S\u00fds odpov\u00edd\u00e1:<\/h6>\n<p><em><img loading=\"lazy\" decoding=\"async\" class=\"size-full wp-image-105050 alignleft\" src=\"http:\/\/zakrasnejsivimperk.cz\/wp-content\/uploads\/2017\/08\/01\/luk\u00e1\u0161-s\u00fds-1.jpg\" alt=\"\" width=\"104\" height=\"137\" \/>U akce \u201eStavebn\u00ed \u00fapravy \u0161aten a z\u00e1zem\u00ed TV v objektu Z\u0160 TGM Vimperk \u010d.p.268\u201c, zat\u00edm \u017e\u00e1dn\u00e9 zpo\u017ed\u011bn\u00ed nenastalo. Term\u00edn dokon\u010den\u00ed a p\u0159ed\u00e1n\u00ed d\u00edla byl p\u016fvodn\u011b do 31.8.2017. Dne 31.7.2017 rada m\u011bsta rozhodla uzav\u0159\u00edt dodatek \u010d.1 ke smlouv\u011b o d\u00edlo uzav\u0159en\u00e9 dne 8.2.2017 s firmou, kter\u00e1 cel\u00e9 d\u00edlo zhotovuje. Tento dodatek \u010d.1 prodlu\u017euje term\u00edn dokon\u010den\u00ed a p\u0159ed\u00e1n\u00ed d\u00edla do 15.9.2017 a navy\u0161uje cenu d\u00edla o \u010d\u00e1stku 249 863,85 K\u010d v\u010d. DPH, a to z d\u016fvodu, \u017ee po zah\u00e1jen\u00ed prac\u00ed na \u00faprav\u00e1ch \u0161aten a z\u00e1zem\u00ed t\u011blocvi\u010dny v budov\u011b Z\u0160 TGM \u010d.p. 268 byly zji\u0161t\u011bny skute\u010dnosti, kter\u00e9 zap\u0159\u00ed\u010dinily vznik v\u00edceprac\u00ed. Jedn\u00e1 se o starou budovu a tak se zde bohu\u017eel vyskytly r\u016fzn\u00e9 stavebn\u00ed probl\u00e9my, kter\u00e9 ov\u0161em nejsou nep\u0159ekonateln\u00e9 a podle slov jednatele firmy, kter\u00e1 cel\u00e9 d\u00edlo prov\u00e1d\u00ed, ud\u011blaj\u00ed v\u0161e, aby byla stavba dokon\u010dena do za\u010d\u00e1tku \u0161koln\u00edho roku a nemusel tak b\u00fdt naru\u0161en provoz z\u00e1kladn\u00ed \u0161koly co se t\u00fdk\u00e1 v\u00fduky t\u011blesn\u00e9 v\u00fdchovy. Pevn\u011b v\u011b\u0159\u00edm, \u017ee tomu tak bude a \u017ee \u0161kol\u00e1ci i vyu\u010duj\u00edc\u00ed se budou od nov\u00e9ho \u0161koln\u00edho roku t\u011b\u0161it ze zrekonstruovan\u00fdch \u0161aten a z\u00e1zem\u00ed t\u011blocvi\u010dny.<\/em><\/p>\n<p><strong>(red)<\/strong><\/p>\n<p>Foto: (red) \u2013 Za kr\u00e1sn\u011bj\u0161\u00ed Vimperk<\/p>\n<p>&nbsp;<\/p>\n<p>&nbsp;<\/p>\n<p>&nbsp;<\/p>\n","protected":false},"excerpt":{"rendered":"<p>&nbsp; Pt\u00e1me <\/p>\n","protected":false},"author":2,"featured_media":105051,"comment_status":"open","ping_status":"open","sticky":false,"template":"","format":"gallery","meta":{"footnotes":""},"categories":[7],"tags":[],"jetpack_featured_media_url":"https:\/\/zakrasnejsivimperk.cz\/wp-content\/uploads\/2017\/08\/01\/luk\u00e1\u0161-s\u00fds-2.jpg","_links":{"self":[{"href":"https:\/\/zakrasnejsivimperk.cz\/index.php?rest_route=\/wp\/v2\/posts\/106780"}],"collection":[{"href":"https:\/\/zakrasnejsivimperk.cz\/index.php?rest_route=\/wp\/v2\/posts"}],"about":[{"href":"https:\/\/zakrasnejsivimperk.cz\/index.php?rest_route=\/wp\/v2\/types\/post"}],"author":[{"embeddable":true,"href":"https:\/\/zakrasnejsivimperk.cz\/index.php?rest_route=\/wp\/v2\/users\/2"}],"replies":[{"embeddable":true,"href":"https:\/\/zakrasnejsivimperk.cz\/index.php?rest_route=%2Fwp%2Fv2%2Fcomments&post=106780"}],"version-history":[{"count":2,"href":"https:\/\/zakrasnejsivimperk.cz\/index.php?rest_route=\/wp\/v2\/posts\/106780\/revisions"}],"predecessor-version":[{"id":106968,"href":"https:\/\/zakrasnejsivimperk.cz\/index.php?rest_route=\/wp\/v2\/posts\/106780\/revisions\/106968"}],"wp:featuredmedia":[{"embeddable":true,"href":"https:\/\/zakrasnejsivimperk.cz\/index.php?rest_route=\/wp\/v2\/media\/105051"}],"wp:attachment":[{"href":"https:\/\/zakrasnejsivimperk.cz\/index.php?rest_route=%2Fwp%2Fv2%2Fmedia&parent=106780"}],"wp:term":[{"taxonomy":"category","embeddable":true,"href":"https:\/\/zakrasnejsivimperk.cz\/index.php?rest_route=%2Fwp%2Fv2%2Fcategories&post=106780"},{"taxonomy":"post_tag","embeddable":true,"href":"https:\/\/zakrasnejsivimperk.cz\/index.php?rest_route=%2Fwp%2Fv2%2Ftags&post=106780"}],"curies":[{"name":"wp","href":"https:\/\/api.w.org\/{rel}","templated":true}]}}