{"id":106516,"date":"2017-08-18T11:00:17","date_gmt":"2017-08-18T10:00:17","guid":{"rendered":"http:\/\/zakrasnejsivimperk.cz\/?p=106516"},"modified":"2017-08-18T11:01:37","modified_gmt":"2017-08-18T10:01:37","slug":"jednala-rada-mesta-dalsi-kamery-pro-monitorovani-zivota-ve-meste-nove-zazemi-pro-sportovce-aj","status":"publish","type":"post","link":"https:\/\/zakrasnejsivimperk.cz\/?p=106516","title":{"rendered":"JEDNALA RADA M\u011aSTA: Kamery pro monitorov\u00e1n\u00ed \u017eivota lid\u00ed ve m\u011bst\u011b, nov\u00e9 z\u00e1zem\u00ed pro sportovce aj."},"content":{"rendered":"<p><img loading=\"lazy\" decoding=\"async\" class=\"aligncenter wp-image-99814 size-full\" src=\"http:\/\/zakrasnejsivimperk.cz\/wp-content\/uploads\/2017\/06\/07\/dokumenty.jpg\" alt=\"\" width=\"800\" height=\"352\" srcset=\"https:\/\/zakrasnejsivimperk.cz\/wp-content\/uploads\/2017\/06\/07\/dokumenty.jpg 800w, https:\/\/zakrasnejsivimperk.cz\/wp-content\/uploads\/2017\/06\/07\/dokumenty-300x132.jpg 300w, https:\/\/zakrasnejsivimperk.cz\/wp-content\/uploads\/2017\/06\/07\/dokumenty-768x338.jpg 768w\" sizes=\"(max-width: 800px) 100vw, 800px\" \/><\/p>\n<p>&nbsp;<\/p>\n<h6>Rada m\u011bsta Vimperk na sv\u00e9m pravideln\u00e9m zased\u00e1n\u00ed 14. srpna krom\u011b jin\u00e9ho projednala a schv\u00e1lila\u00a0<em>(p\u0159in\u00e1\u0161\u00edme p\u0159esnou citaci usnesen\u00ed bez redak\u010dn\u00ed \u00fapravy):<\/em><\/h6>\n<p><strong>Usnesen\u00ed \u010d. 791:<\/strong> Rada m\u011bsta na z\u00e1klad\u011b vyhodnocen\u00ed do\u0161l\u00fdch nab\u00eddek na realizaci akce \u201eVimperk \u2013 roz\u0161\u00ed\u0159en\u00ed a modernizace m\u011bstsk\u00e9ho kamerov\u00e9ho a dohl\u00ed\u017eec\u00edho syst\u00e9mu\u201c rozhodla p\u0159id\u011blit zak\u00e1zku uchaze\u010di Montela s. r. o. \u010cesk\u00e9 Bud\u011bjovice, kter\u00fd p\u0159edlo\u017eil nab\u00eddku s nejni\u017e\u0161\u00ed nab\u00eddkovou cenou.<\/p>\n<p><strong>Usnesen\u00ed \u010d. 793:<\/strong> Rada m\u011bsta rozhodla, na z\u00e1klad\u011b odst. 4 \u010dl. odst. \u010d. 2 VI. Vnit\u0159n\u00ed sm\u011brnice \u010d. 1\/2014 \u201eZ\u00e1sady a postupy p\u0159i zad\u00e1v\u00e1n\u00ed ve\u0159ejn\u00fdch zak\u00e1zek\u201c, zadat ve\u0159ejnou zak\u00e1zku mal\u00e9ho rozsahu I. kategorie na slu\u017eby (projektov\u00e9 pr\u00e1ce) \u201eZ\u00e1zem\u00ed pro sportovce \u2013 1. m\u00e1je, Vimperk \u2013 projektov\u00e9 pr\u00e1ce\u201d Ing. Pavlu Vysko\u010dilovi, Svat\u00e1 Ma\u0159\u00ed 135, 385 01 Vimperk a pov\u011b\u0159uje odbor investic a \u00fadr\u017eby vystaven\u00edm objedn\u00e1vky na projektov\u00e9 pr\u00e1ce.<\/p>\n<p><strong>Usnesen\u00ed \u010d 794:<\/strong> Rada m\u011bsta ukl\u00e1d\u00e1 odboru v\u00fdstavby a \u00fazemn\u00edho pl\u00e1nov\u00e1n\u00ed po\u0159\u00eddit \u00dazemn\u00ed studii U Zahr\u00e1dek v\u010detn\u011b proveden\u00ed zad\u00e1n\u00ed ve\u0159ejn\u00e9 zak\u00e1zky.<\/p>\n<p><strong>Usnesen\u00ed \u010d. 805:<\/strong> Rada m\u011bsta rozhodla zve\u0159ejnit z\u00e1m\u011br pronajmout prostor \u010dp. 343 &#8211; gar\u00e1\u017e v \u010dp. 199 v ulici Nad Stadionem ve Vimperku v bloku C (m\u00edstnost \u010d. 106) o celkov\u00e9 v\u00fdm\u011b\u0159e 25,10 m2 za \u00fa\u010delem parkov\u00e1n\u00ed automobilu. V\u00fd\u0161e n\u00e1jemn\u00e9ho z uveden\u00fdch prostor je stanovena 261 K\u010d\/m2 \/rok bez DPH. N\u00e1jemn\u00ed smlouva bude uzav\u0159ena na dobu neur\u010ditou s 3 m\u011bs\u00ed\u010dn\u00ed v\u00fdpov\u011bdn\u00ed lh\u016ftou. Zp\u016fsobilost p\u0159edm\u011btu za \u00fa\u010delem n\u00e1jmu si zajist\u00ed n\u00e1jemce.<\/p>\n<p><strong>Usnesen\u00ed \u010d. 806:<\/strong> Rada m\u011bsta rozhodla pronajmout prostory slou\u017e\u00edc\u00ed podnik\u00e1n\u00ed v \u010dp. 199 v ulici Nad Stadionem ve Vimperku \u010d. 320 o celkov\u00e9 v\u00fdm\u011b\u0159e 24,80 m2 AUTO\u0160KOLE Zlat\u00e1 stezka, s. r. o., Ro\u017embersk\u00e1 1146, 383 01 Prachatice, za \u00fa\u010delem z\u0159\u00edzen\u00ed u\u010debny a kancel\u00e1\u0159e. N\u00e1jemn\u00e9 je stanoveno ve v\u00fd\u0161i 261 K\u010d\/m2 \/rok. N\u00e1jemn\u00ed smlouva bude uzav\u0159ena na dobu neur\u010ditou s 3 m\u011bs\u00ed\u010dn\u00ed v\u00fdpov\u011bdn\u00ed lh\u016ftou s platnost\u00ed od 01.09.2017. Zp\u016fsobilost p\u0159edm\u011btu za \u00fa\u010delem n\u00e1jmu si zajist\u00ed n\u00e1jemce. Provoz bude zah\u00e1jen nejpozd\u011bji od 01.01.2018.<\/p>\n<p><strong>Usnesen\u00ed \u010d. 807:<\/strong> Rada m\u011bsta rozhodla uzav\u0159\u00edt smlouvu o do\u010dasn\u00e9m sv\u011b\u0159en\u00ed zv\u00ed\u0159ete do p\u00e9\u010de mezi pe\u010dovatelem HOME 4 PETS, z. s., Praha \u2013 z\u00e1pad a p\u0159ed\u00e1vaj\u00edc\u00edm m\u011bstem Vimperk, jej\u00edm\u017e p\u0159edm\u011btem je um\u00edst\u011bn\u00ed dvou ps\u016f do z\u00e1chytn\u00fdch kotc\u016f dle p\u0159edlo\u017een\u00e9ho n\u00e1vrhu.<\/p>\n<p><strong>Usnesen\u00ed \u010d. 808:<\/strong> Rada m\u011bsta rozhodla uzav\u0159\u00edt smlouvu s Ob\u010dansk\u00fdm sdru\u017een\u00edm Stanislavy Chumanov\u00e9 z. s. na p\u0159ijet\u00ed v\u011bcn\u00e9ho daru \u2013 movit\u00fdch v\u011bc\u00ed tvo\u0159\u00edc\u00edch vybaven\u00ed Klubovny pro seniory ve Skl\u00e1\u0159sk\u00e9 ulici dle p\u0159edlo\u017een\u00e9ho n\u00e1vrhu.<\/p>\n<p><strong>Usnesen\u00ed \u010d. 810:<\/strong> Rada m\u011bsta souhlas\u00ed s ukon\u010den\u00edm smlouvy Dohoda o spolupr\u00e1ci v oblasti Prevence kriminality, kter\u00e1 byla uzav\u0159ena dne 29.04.2009 mezi m\u011bstem Vimperk a Evou Kod\u00fddkovou, Antik bazar \u2013 zastav\u00e1rna \u2013 komisn\u00ed prodej k datu 31.12.2016.<\/p>\n<p><strong>(red)<\/strong><\/p>\n<h4><a href=\"http:\/\/www.vimperk.cz\/files\/9508-rada-mesta-14-08-2017.pdf\" target=\"_blank\" rel=\"noopener noreferrer\">Cel\u00fd z\u00e1pis z jedn\u00e1n\u00ed\u00a0<em>(ve form\u00e1tu PDF)<\/em><\/a><\/h4>\n<p>&nbsp;<\/p>\n<p>&nbsp;<\/p>\n","protected":false},"excerpt":{"rendered":"<p>&nbsp; Rada <\/p>\n","protected":false},"author":2,"featured_media":99814,"comment_status":"open","ping_status":"open","sticky":false,"template":"","format":"gallery","meta":{"footnotes":""},"categories":[7],"tags":[],"jetpack_featured_media_url":"https:\/\/zakrasnejsivimperk.cz\/wp-content\/uploads\/2017\/06\/07\/dokumenty.jpg","_links":{"self":[{"href":"https:\/\/zakrasnejsivimperk.cz\/index.php?rest_route=\/wp\/v2\/posts\/106516"}],"collection":[{"href":"https:\/\/zakrasnejsivimperk.cz\/index.php?rest_route=\/wp\/v2\/posts"}],"about":[{"href":"https:\/\/zakrasnejsivimperk.cz\/index.php?rest_route=\/wp\/v2\/types\/post"}],"author":[{"embeddable":true,"href":"https:\/\/zakrasnejsivimperk.cz\/index.php?rest_route=\/wp\/v2\/users\/2"}],"replies":[{"embeddable":true,"href":"https:\/\/zakrasnejsivimperk.cz\/index.php?rest_route=%2Fwp%2Fv2%2Fcomments&post=106516"}],"version-history":[{"count":5,"href":"https:\/\/zakrasnejsivimperk.cz\/index.php?rest_route=\/wp\/v2\/posts\/106516\/revisions"}],"predecessor-version":[{"id":106521,"href":"https:\/\/zakrasnejsivimperk.cz\/index.php?rest_route=\/wp\/v2\/posts\/106516\/revisions\/106521"}],"wp:featuredmedia":[{"embeddable":true,"href":"https:\/\/zakrasnejsivimperk.cz\/index.php?rest_route=\/wp\/v2\/media\/99814"}],"wp:attachment":[{"href":"https:\/\/zakrasnejsivimperk.cz\/index.php?rest_route=%2Fwp%2Fv2%2Fmedia&parent=106516"}],"wp:term":[{"taxonomy":"category","embeddable":true,"href":"https:\/\/zakrasnejsivimperk.cz\/index.php?rest_route=%2Fwp%2Fv2%2Fcategories&post=106516"},{"taxonomy":"post_tag","embeddable":true,"href":"https:\/\/zakrasnejsivimperk.cz\/index.php?rest_route=%2Fwp%2Fv2%2Ftags&post=106516"}],"curies":[{"name":"wp","href":"https:\/\/api.w.org\/{rel}","templated":true}]}}