{"id":106309,"date":"2017-08-16T21:34:21","date_gmt":"2017-08-16T20:34:21","guid":{"rendered":"http:\/\/zakrasnejsivimperk.cz\/?p=106309"},"modified":"2017-08-16T21:36:11","modified_gmt":"2017-08-16T20:36:11","slug":"prachaticky-denik-petadvacet-stran-a-hnuti-v-jihoceskem-kraji-chce-ve-volbach-do-parlamentu","status":"publish","type":"post","link":"https:\/\/zakrasnejsivimperk.cz\/?p=106309","title":{"rendered":"PRACHATICK\u00dd DEN\u00cdK: P\u011btadvacet stran a hnut\u00ed v Jiho\u010desk\u00e9m kraji chce kandidovat do parlamentu"},"content":{"rendered":"<p><img loading=\"lazy\" decoding=\"async\" class=\"aligncenter wp-image-106310 size-full\" src=\"http:\/\/zakrasnejsivimperk.cz\/wp-content\/uploads\/2017\/08\/16\/volby-2017-1.jpg\" alt=\"\" width=\"520\" height=\"225\" srcset=\"https:\/\/zakrasnejsivimperk.cz\/wp-content\/uploads\/2017\/08\/16\/volby-2017-1.jpg 520w, https:\/\/zakrasnejsivimperk.cz\/wp-content\/uploads\/2017\/08\/16\/volby-2017-1-300x130.jpg 300w\" sizes=\"(max-width: 520px) 100vw, 520px\" \/><\/p>\n<p>&nbsp;<\/p>\n<h6><img loading=\"lazy\" decoding=\"async\" class=\"size-full wp-image-56019 alignright\" src=\"http:\/\/zakrasnejsivimperk.cz\/wp-content\/uploads\/2016\/04\/14\/denik-1.jpg\" alt=\"\" width=\"235\" height=\"82\" \/>Jiho\u010desk\u00fd kraj \u2013 Do \u00fatern\u00edho odpoledne odevzdalo na krajsk\u00e9m \u00fa\u0159adu kandid\u00e1tn\u00ed listiny (KL) 25\u00a0politick\u00fdch stran a hnut\u00ed. Posledn\u00ed dv\u011b a\u017e kr\u00e1tce p\u0159ed koncem term\u00ednu.\u00a0Od st\u0159edy bude krajsk\u00fd \u00fa\u0159ad KL p\u0159ezkoum\u00e1vat. \u201eNebyla-li kandid\u00e1tn\u00ed listina pod\u00e1na v\u00a0souladu se z\u00e1konem, vyzveme volebn\u00ed stranu k\u00a0odstran\u011bn\u00ed z\u00e1vad do 31.\u00a0srpna,\u201c \u0159ekla v\u00a0\u00fater\u00fd Alena Karv\u00e1nkov\u00e1 z\u00a0odboru legislativy a vnit\u0159n\u00edch v\u011bc\u00ed krajsk\u00e9ho \u00fa\u0159adu. I\u00a0po odevzd\u00e1n\u00ed kandid\u00e1tek k\u00a0registraci lze do nich zasahovat. Do pond\u011bl\u00ed v\u00a0nich mohou strany m\u011bnit po\u0159ad\u00ed kandid\u00e1t\u016f \u010di dopl\u0148ovat dal\u0161\u00ed do maxim\u00e1ln\u00edch 22.\u00a0<span id=\"copylink\"><br \/>\n<\/span><span id=\"copylink\"><\/span><\/h6>\n<h1><a href=\"http:\/\/prachaticky.denik.cz\/z-regionu\/petadvacet-stran-a-hnuti-chce-do-parlamentu-20170815.html\" target=\"_blank\" rel=\"noopener noreferrer\">Kandid\u00e1tn\u00ed listiny pro\u00a0volby do Poslaneck\u00e9 sn\u011bmovny Parlamentu \u010cesk\u00e9 republiky 2017\u00a0na jihu \u010cech<\/a><\/h1>\n<p>&nbsp;<\/p>\n<p>&nbsp;<\/p>\n<p>&nbsp;<\/p>\n","protected":false},"excerpt":{"rendered":"<p>&nbsp; Jiho\u010desk\u00fd <\/p>\n","protected":false},"author":2,"featured_media":106310,"comment_status":"open","ping_status":"open","sticky":false,"template":"","format":"gallery","meta":{"footnotes":""},"categories":[7],"tags":[],"jetpack_featured_media_url":"https:\/\/zakrasnejsivimperk.cz\/wp-content\/uploads\/2017\/08\/16\/volby-2017-1.jpg","_links":{"self":[{"href":"https:\/\/zakrasnejsivimperk.cz\/index.php?rest_route=\/wp\/v2\/posts\/106309"}],"collection":[{"href":"https:\/\/zakrasnejsivimperk.cz\/index.php?rest_route=\/wp\/v2\/posts"}],"about":[{"href":"https:\/\/zakrasnejsivimperk.cz\/index.php?rest_route=\/wp\/v2\/types\/post"}],"author":[{"embeddable":true,"href":"https:\/\/zakrasnejsivimperk.cz\/index.php?rest_route=\/wp\/v2\/users\/2"}],"replies":[{"embeddable":true,"href":"https:\/\/zakrasnejsivimperk.cz\/index.php?rest_route=%2Fwp%2Fv2%2Fcomments&post=106309"}],"version-history":[{"count":5,"href":"https:\/\/zakrasnejsivimperk.cz\/index.php?rest_route=\/wp\/v2\/posts\/106309\/revisions"}],"predecessor-version":[{"id":106379,"href":"https:\/\/zakrasnejsivimperk.cz\/index.php?rest_route=\/wp\/v2\/posts\/106309\/revisions\/106379"}],"wp:featuredmedia":[{"embeddable":true,"href":"https:\/\/zakrasnejsivimperk.cz\/index.php?rest_route=\/wp\/v2\/media\/106310"}],"wp:attachment":[{"href":"https:\/\/zakrasnejsivimperk.cz\/index.php?rest_route=%2Fwp%2Fv2%2Fmedia&parent=106309"}],"wp:term":[{"taxonomy":"category","embeddable":true,"href":"https:\/\/zakrasnejsivimperk.cz\/index.php?rest_route=%2Fwp%2Fv2%2Fcategories&post=106309"},{"taxonomy":"post_tag","embeddable":true,"href":"https:\/\/zakrasnejsivimperk.cz\/index.php?rest_route=%2Fwp%2Fv2%2Ftags&post=106309"}],"curies":[{"name":"wp","href":"https:\/\/api.w.org\/{rel}","templated":true}]}}