{"id":106033,"date":"2017-09-13T13:20:41","date_gmt":"2017-09-13T12:20:41","guid":{"rendered":"http:\/\/zakrasnejsivimperk.cz\/?p=106033"},"modified":"2017-09-13T16:46:44","modified_gmt":"2017-09-13T15:46:44","slug":"aktualne-cz-maminka-z-posumavi-koupila-na-materske-ovce-kolovrat-a-tkalcovsky-stav-zivi-ji-vyrobky-z-vlny","status":"publish","type":"post","link":"https:\/\/zakrasnejsivimperk.cz\/?p=106033","title":{"rendered":"AKTU\u00c1LN\u011a.CZ: Maminka z Po\u0161umav\u00ed koupila ovce, kolovrat a tkalcovsk\u00fd stav. \u017div\u00ed ji v\u00fdrobky z ov\u010d\u00ed vlny"},"content":{"rendered":"<h6><img loading=\"lazy\" decoding=\"async\" class=\"size-medium wp-image-103765 alignright\" src=\"http:\/\/zakrasnejsivimperk.cz\/wp-content\/uploads\/2017\/07\/19\/aktu\u00e1ln\u011b-logo-300x129.jpg\" alt=\"\" width=\"300\" height=\"129\" srcset=\"https:\/\/zakrasnejsivimperk.cz\/wp-content\/uploads\/2017\/07\/19\/aktu\u00e1ln\u011b-logo-300x129.jpg 300w, https:\/\/zakrasnejsivimperk.cz\/wp-content\/uploads\/2017\/07\/19\/aktu\u00e1ln\u011b-logo-768x331.jpg 768w, https:\/\/zakrasnejsivimperk.cz\/wp-content\/uploads\/2017\/07\/19\/aktu\u00e1ln\u011b-logo.jpg 800w\" sizes=\"(max-width: 300px) 100vw, 300px\" \/>Kdy\u017e byla Ivana Ji\u0159i\u010dkov\u00e1 na mate\u0159sk\u00e9 dovolen\u00e9 s dv\u011bma mal\u00fdmi d\u011btmi, p\u0159em\u00fd\u0161lela, jak by se mohla realizovat z domova na po\u0161umavsk\u00e9m statku. Pak se do\u010detla o zpracov\u00e1v\u00e1n\u00ed ov\u010d\u00ed vlny a m\u011bla jasno &#8211; nakoupila ovce, kozy a lamy a bez odborn\u00fdch znalost\u00ed, zato s obrovsk\u00fdm nad\u0161en\u00edm zbudovala tkalcovnu. Nau\u010dila se postupn\u011b v\u0161e od chov\u00e1n\u00ed a st\u0159\u00edh\u00e1n\u00ed zv\u00ed\u0159at p\u0159es \u010des\u00e1n\u00ed, barven\u00ed a tkan\u00ed vlny po v\u00fdrobu vln\u011bn\u00fdch p\u0159edm\u011bt\u016f.<\/h6>\n<h4><a href=\"https:\/\/magazin.aktualne.cz\/ivana-jirickova-ma-v-posumavi-originalni-tkalcovnu-na-vlne\/r~48054dae7d2811e7867b002590604f2e\/?utm_source=Aktu%C3%A1ln%C4%9B.cz&amp;utm_campaign=c75ae4dc67-EMAIL_CAMPAIGN_2017_08_11&amp;utm_medium=email&amp;utm_term=0_c33596a86b-c75ae4dc67-235144101\" target=\"_blank\" rel=\"noopener noreferrer\">CEL\u00dd \u010cL\u00c1NEK<\/a><\/h4>\n<p><img loading=\"lazy\" decoding=\"async\" class=\"aligncenter wp-image-108874 size-full\" src=\"http:\/\/zakrasnejsivimperk.cz\/wp-content\/uploads\/2017\/04\/25\/plakat-na-vlne.jpg\" alt=\"\" width=\"679\" height=\"960\" \/><\/p>\n<p>&nbsp;<\/p>\n<p>&nbsp;<\/p>\n<p>&nbsp;<\/p>\n<p>&nbsp;<\/p>\n<p>&nbsp;<\/p>\n","protected":false},"excerpt":{"rendered":"<p>Kdy\u017e byla <\/p>\n","protected":false},"author":2,"featured_media":103765,"comment_status":"open","ping_status":"open","sticky":false,"template":"","format":"gallery","meta":{"footnotes":""},"categories":[18],"tags":[],"jetpack_featured_media_url":"https:\/\/zakrasnejsivimperk.cz\/wp-content\/uploads\/2017\/07\/19\/aktu\u00e1ln\u011b-logo.jpg","_links":{"self":[{"href":"https:\/\/zakrasnejsivimperk.cz\/index.php?rest_route=\/wp\/v2\/posts\/106033"}],"collection":[{"href":"https:\/\/zakrasnejsivimperk.cz\/index.php?rest_route=\/wp\/v2\/posts"}],"about":[{"href":"https:\/\/zakrasnejsivimperk.cz\/index.php?rest_route=\/wp\/v2\/types\/post"}],"author":[{"embeddable":true,"href":"https:\/\/zakrasnejsivimperk.cz\/index.php?rest_route=\/wp\/v2\/users\/2"}],"replies":[{"embeddable":true,"href":"https:\/\/zakrasnejsivimperk.cz\/index.php?rest_route=%2Fwp%2Fv2%2Fcomments&post=106033"}],"version-history":[{"count":5,"href":"https:\/\/zakrasnejsivimperk.cz\/index.php?rest_route=\/wp\/v2\/posts\/106033\/revisions"}],"predecessor-version":[{"id":109585,"href":"https:\/\/zakrasnejsivimperk.cz\/index.php?rest_route=\/wp\/v2\/posts\/106033\/revisions\/109585"}],"wp:featuredmedia":[{"embeddable":true,"href":"https:\/\/zakrasnejsivimperk.cz\/index.php?rest_route=\/wp\/v2\/media\/103765"}],"wp:attachment":[{"href":"https:\/\/zakrasnejsivimperk.cz\/index.php?rest_route=%2Fwp%2Fv2%2Fmedia&parent=106033"}],"wp:term":[{"taxonomy":"category","embeddable":true,"href":"https:\/\/zakrasnejsivimperk.cz\/index.php?rest_route=%2Fwp%2Fv2%2Fcategories&post=106033"},{"taxonomy":"post_tag","embeddable":true,"href":"https:\/\/zakrasnejsivimperk.cz\/index.php?rest_route=%2Fwp%2Fv2%2Ftags&post=106033"}],"curies":[{"name":"wp","href":"https:\/\/api.w.org\/{rel}","templated":true}]}}