{"id":106002,"date":"2017-08-13T15:52:23","date_gmt":"2017-08-13T14:52:23","guid":{"rendered":"http:\/\/zakrasnejsivimperk.cz\/?p=106002"},"modified":"2017-08-13T15:59:33","modified_gmt":"2017-08-13T14:59:33","slug":"jednala-rada-mesta-odmeny-pro-jednatele-mestskych-spolecnosti-oprava-budovy-zakladni-skoly-v-parku","status":"publish","type":"post","link":"https:\/\/zakrasnejsivimperk.cz\/?p=106002","title":{"rendered":"JEDNALA RADA M\u011aSTA: Odm\u011bny pro jednatele t\u0159\u00ed m\u011bstsk\u00fdch spole\u010dnost\u00ed. Prominut\u00ed platby n\u00e1jemn\u00e9ho"},"content":{"rendered":"<p><img loading=\"lazy\" decoding=\"async\" class=\"aligncenter wp-image-99814 size-full\" src=\"http:\/\/zakrasnejsivimperk.cz\/wp-content\/uploads\/2017\/06\/07\/dokumenty.jpg\" alt=\"\" width=\"800\" height=\"352\" srcset=\"https:\/\/zakrasnejsivimperk.cz\/wp-content\/uploads\/2017\/06\/07\/dokumenty.jpg 800w, https:\/\/zakrasnejsivimperk.cz\/wp-content\/uploads\/2017\/06\/07\/dokumenty-300x132.jpg 300w, https:\/\/zakrasnejsivimperk.cz\/wp-content\/uploads\/2017\/06\/07\/dokumenty-768x338.jpg 768w\" sizes=\"(max-width: 800px) 100vw, 800px\" \/><\/p>\n<p>&nbsp;<\/p>\n<h6>Rada m\u011bsta Vimperk na sv\u00e9m pravideln\u00e9m zased\u00e1n\u00ed 7. srpna krom\u011b jin\u00e9ho projednala a schv\u00e1lila\u00a0<em>(p\u0159in\u00e1\u0161\u00edme p\u0159esnou citaci usnesen\u00ed bez redak\u010dn\u00ed \u00fapravy):<\/em><\/h6>\n<p><strong>Usnesen\u00ed \u010d. 771:<\/strong> Rada m\u011bsta rozhodla uzav\u0159\u00edt smlouvu o sdru\u017een\u00fdch dod\u00e1vk\u00e1ch elekt\u0159iny ze s\u00edt\u011b n\u00edzk\u00e9ho nap\u011bt\u00ed mezi dodavatelem spole\u010dnost\u00ed E.ON Energie a. s., F. A. Gerstnera 2151\/6, \u010cesk\u00e9 Bud\u011bjovice a z\u00e1kazn\u00edkem m\u011bstem Vimperk, Steinbrenerova 6, Vimperk dle p\u0159edlo\u017een\u00e9ho n\u00e1vrhu na dobu ur\u010ditou od 01.01.2018 do 31.12.2019.<\/p>\n<p><strong>Usnesen\u00ed \u010d. 772:<\/strong> Rada m\u011bsta souhlas\u00ed s vyplacen\u00edm odm\u011bny jednateli M\u011bstsk\u00e9 spr\u00e1vy dom\u016f s. r. o. Vimperk, dle p\u0159edlo\u017een\u00e9ho n\u00e1vrhu Bc. Danielu Kaiferovi. Odm\u011bna bude vyplacena z finan\u010dn\u00edch prost\u0159edk\u016f M\u011bstsk\u00e9 spr\u00e1vy dom\u016f s. r. o. Vimperk.<\/p>\n<p><strong>Usnesen\u00ed \u010d. 773:<\/strong> Rada m\u011bsta souhlas\u00ed s vyplacen\u00edm odm\u011bny jednateli M\u011bstsk\u00fdch les\u016f s. r. o. Vimperk, dle p\u0159edlo\u017een\u00e9ho n\u00e1vrhu Stanislavu Hlavovi. Odm\u011bna bude vyplacena z finan\u010dn\u00edch prost\u0159edk\u016f M\u011bstsk\u00fdch les\u016f s. r. o. Vimperk.<\/p>\n<p><strong>Usnesen\u00ed \u010d. 774:<\/strong> Rada m\u011bsta souhlas\u00ed s vyplacen\u00edm odm\u011bny jednateli M\u011bstsk\u00fdch slu\u017eeb s. r. o. Vimperk dle p\u0159edlo\u017een\u00e9ho n\u00e1vrhu Ing. Janu Kr\u00e1lovi. Odm\u011bna bude vyplacena z finan\u010dn\u00edch prost\u0159edk\u016f M\u011bstsk\u00fdch slu\u017eeb s. r. o. Vimperk.<\/p>\n<p><strong>Usnesen\u00ed \u010d. 776:<\/strong> Rada m\u011bsta na z\u00e1klad\u011b \u017e\u00e1dosti spole\u010dnosti IZOGARANT s. r. o. ze dne 31.07.2017 o ukon\u010den\u00ed prov\u00e1d\u011bn\u00ed d\u00edla ze smlouvy o d\u00edlo, uzav\u0159en\u00e9 dne 31.01.2017 mezi m\u011bstem Vimperk a spole\u010dnost\u00ed IZOGARANT s. r. o., a to z d\u016fvodu neschopnosti uveden\u00e9 spole\u010dnosti d\u00edlo prov\u00e9st v term\u00ednu dle smlouvy o d\u00edlo, rozhodla podle \u010dl. 11.4. a \u010dl. 3.6. smlouvy o d\u00edlo omezit rozsah d\u00edla \u201eObnova pl\u00e1\u0161t\u011b budovy \u010d.p. 167 ve Vimperku\u201c na pr\u00e1ce a dod\u00e1vky doposud proveden\u00e9 a ukon\u010dit jeho prov\u00e1d\u011bn\u00ed ke dni 31.07.2017, s v\u00fdhradou uplat\u0148ov\u00e1n\u00ed n\u00e1roku na n\u00e1hradu v\u00edcen\u00e1klad\u016f, kter\u00e9 v souvislosti s takov\u00fdm ukon\u010den\u00edm prov\u00e1d\u011bn\u00ed d\u00edla m\u011bstu Vimperk vzniknou.<\/p>\n<p><strong>Usnesen\u00ed \u010d. 787:<\/strong> Rada m\u011bsta rozhodla ukon\u010dit n\u00e1jem \u010d\u00e1sti parcely KN \u010d. 200 o v\u00fdm\u011b\u0159e 287 m2 v k. \u00fa. Vimperk, podle n\u00e1jemn\u00ed smlouvy k pozemkov\u00e9 parcele uzav\u0159en\u00e9 dne 19.01.1998, dohodou k 31.08.2017. Rada m\u011bsta d\u00e1le rozhodla prominout n\u00e1jemci \u00fahradu n\u00e1jemn\u00e9ho za rok 2017 za pron\u00e1jem tohoto pozemku u\u017e\u00edvan\u00e9ho za \u00fa\u010delem individu\u00e1ln\u00edho zahr\u00e1dka\u0159en\u00ed z d\u016fvodu, \u017ee tuto zahradu nebylo mo\u017eno u\u017e\u00edvat, nebo\u0165 pronajat\u00fd pozemek byl dot\u010den prov\u00e1d\u011bnou stavbou m\u011bsta tj. v\u00fdstavbou nov\u00e9ho chodn\u00edku v ulici Pivovarsk\u00e1.<\/p>\n<p><strong>(red)<\/strong><\/p>\n<h4><a href=\"http:\/\/www.vimperk.cz\/files\/9500-rada-mesta-07-08-2017.pdf\" target=\"_blank\" rel=\"noopener noreferrer\">Cel\u00fd z\u00e1pis z jedn\u00e1n\u00ed\u00a0<em>(ve form\u00e1tu PDF)<\/em><\/a><\/h4>\n<p>&nbsp;<\/p>\n<p>&nbsp;<\/p>\n","protected":false},"excerpt":{"rendered":"<p>&nbsp; Rada <\/p>\n","protected":false},"author":2,"featured_media":99814,"comment_status":"open","ping_status":"open","sticky":false,"template":"","format":"gallery","meta":{"footnotes":""},"categories":[7],"tags":[],"jetpack_featured_media_url":"https:\/\/zakrasnejsivimperk.cz\/wp-content\/uploads\/2017\/06\/07\/dokumenty.jpg","_links":{"self":[{"href":"https:\/\/zakrasnejsivimperk.cz\/index.php?rest_route=\/wp\/v2\/posts\/106002"}],"collection":[{"href":"https:\/\/zakrasnejsivimperk.cz\/index.php?rest_route=\/wp\/v2\/posts"}],"about":[{"href":"https:\/\/zakrasnejsivimperk.cz\/index.php?rest_route=\/wp\/v2\/types\/post"}],"author":[{"embeddable":true,"href":"https:\/\/zakrasnejsivimperk.cz\/index.php?rest_route=\/wp\/v2\/users\/2"}],"replies":[{"embeddable":true,"href":"https:\/\/zakrasnejsivimperk.cz\/index.php?rest_route=%2Fwp%2Fv2%2Fcomments&post=106002"}],"version-history":[{"count":9,"href":"https:\/\/zakrasnejsivimperk.cz\/index.php?rest_route=\/wp\/v2\/posts\/106002\/revisions"}],"predecessor-version":[{"id":106093,"href":"https:\/\/zakrasnejsivimperk.cz\/index.php?rest_route=\/wp\/v2\/posts\/106002\/revisions\/106093"}],"wp:featuredmedia":[{"embeddable":true,"href":"https:\/\/zakrasnejsivimperk.cz\/index.php?rest_route=\/wp\/v2\/media\/99814"}],"wp:attachment":[{"href":"https:\/\/zakrasnejsivimperk.cz\/index.php?rest_route=%2Fwp%2Fv2%2Fmedia&parent=106002"}],"wp:term":[{"taxonomy":"category","embeddable":true,"href":"https:\/\/zakrasnejsivimperk.cz\/index.php?rest_route=%2Fwp%2Fv2%2Fcategories&post=106002"},{"taxonomy":"post_tag","embeddable":true,"href":"https:\/\/zakrasnejsivimperk.cz\/index.php?rest_route=%2Fwp%2Fv2%2Ftags&post=106002"}],"curies":[{"name":"wp","href":"https:\/\/api.w.org\/{rel}","templated":true}]}}