{"id":105732,"date":"2017-08-09T10:35:45","date_gmt":"2017-08-09T09:35:45","guid":{"rendered":"http:\/\/zakrasnejsivimperk.cz\/?p=105732"},"modified":"2017-08-09T10:41:38","modified_gmt":"2017-08-09T09:41:38","slug":"odpoved-z-radnice-co-dal-s-prerusenou-opravou-zakladni-skoly-v-parku-neprijde-mesto-o-dotaci-2","status":"publish","type":"post","link":"https:\/\/zakrasnejsivimperk.cz\/?p=105732","title":{"rendered":"ODPOV\u011a\u010e Z RADNICE: Co d\u00e1l s p\u0159eru\u0161enou opravou z\u00e1kladn\u00ed \u0161koly v parku, nep\u0159ijde m\u011bsto o dotaci? (2)"},"content":{"rendered":"<p><img loading=\"lazy\" decoding=\"async\" class=\"aligncenter wp-image-101169 size-full\" src=\"http:\/\/zakrasnejsivimperk.cz\/wp-content\/uploads\/2017\/06\/21\/\u0161kola-v-parku-2.jpg\" alt=\"\" width=\"800\" height=\"533\" srcset=\"https:\/\/zakrasnejsivimperk.cz\/wp-content\/uploads\/2017\/06\/21\/\u0161kola-v-parku-2.jpg 800w, https:\/\/zakrasnejsivimperk.cz\/wp-content\/uploads\/2017\/06\/21\/\u0161kola-v-parku-2-300x200.jpg 300w, https:\/\/zakrasnejsivimperk.cz\/wp-content\/uploads\/2017\/06\/21\/\u0161kola-v-parku-2-768x512.jpg 768w, https:\/\/zakrasnejsivimperk.cz\/wp-content\/uploads\/2017\/06\/21\/\u0161kola-v-parku-2-536x357.jpg 536w, https:\/\/zakrasnejsivimperk.cz\/wp-content\/uploads\/2017\/06\/21\/\u0161kola-v-parku-2-725x483.jpg 725w\" sizes=\"(max-width: 800px) 100vw, 800px\" \/><\/p>\n<p>&nbsp;<\/p>\n<h6>Pt\u00e1me se vimpersk\u00e9ho m\u00edstostarosty Luk\u00e1\u0161e S\u00fdse:<\/h6>\n<p><strong>Situac\u00ed kolem p\u0159eru\u0161en\u00e9 opravy z\u00e1kladn\u00ed \u0161koly v parku se toto pond\u011bl\u00ed opakovan\u011b zab\u00fdvala rada m\u011bsta a tentokr\u00e1t tak\u00e9 zastupitelstvo. Jak\u00e1 jsou po pond\u011blku stanoviska a rozhodnut\u00ed samospr\u00e1vy a jak\u00fd bude dal\u0161\u00ed postup oprav zm\u00edn\u011bn\u00e9 budovy?<\/strong><\/p>\n<p>&nbsp;<\/p>\n<h6>M\u00edstostarosta Luk\u00e1\u0161 S\u00fds odpov\u00edd\u00e1:<\/h6>\n<p><em><img loading=\"lazy\" decoding=\"async\" class=\"size-full wp-image-105050 alignleft\" src=\"http:\/\/zakrasnejsivimperk.cz\/wp-content\/uploads\/2017\/08\/01\/luk\u00e1\u0161-s\u00fds-1.jpg\" alt=\"\" width=\"104\" height=\"137\" \/>Na z\u00e1klad\u011b \u017e\u00e1dosti spole\u010dnosti IZOGARANT ze dne 31.7.2017 o ukon\u010den\u00ed prov\u00e1d\u011bn\u00ed d\u00edla z d\u016fvodu neschopnosti toto prov\u00e9st v term\u00ednu podle uzav\u0159en\u00e9 smlouvy, se dne 7.8.2017 rada m\u011bsta usnesen\u00edm \u010d. 776 rozhodla omezit rozsah d\u00edla na pr\u00e1ce a dod\u00e1vky doposud proveden\u00e9 a ukon\u010dit jeho prov\u00e1d\u011bn\u00ed ke dni 31.7.2017 s v\u00fdhradou uplat\u0148ov\u00e1n\u00ed n\u00e1roku na n\u00e1hradu v\u00edcen\u00e1klad\u016f, kter\u00e9 v souvislosti s t\u00edm m\u011bstu Vimperk vzniknou.<\/em><br \/>\n<em> Uv\u011bdomujeme si v\u00e1\u017enost cel\u00e9 situace, a proto jsme s rozhodnut\u00edm jak pokra\u010dovat \u0161li na pond\u011bln\u00ed zased\u00e1n\u00ed zastupitelstva. Zde jsme v\u0161em p\u0159\u00edtomn\u00fdm zastupitel\u016fm vysv\u011btlili jak se v\u011bci maj\u00ed. Na po\u0159adu dne bylo to, jak pokra\u010dovat d\u00e1le. M\u011bli jsme dv\u011b mo\u017enosti. Za prv\u00e9 oslovit druhou a t\u0159et\u00ed firmu v po\u0159ad\u00ed a cel\u00e9 d\u00edlo dokon\u010dit. Je logick\u00e9 \u017ee to se ji\u017e nestihne v \u0159\u00e1dn\u00e9m term\u00ednu, ale pokud se ud\u011bl\u00e1 st\u0159echa a dal\u0161\u00ed pr\u00e1ce na fas\u00e1d\u011b, tak bychom nep\u0159i\u0161li o ji\u017e p\u0159id\u011blenou dotaci ve v\u00fd\u0161i 315000,- Zbytek d\u00edla by osloven\u00e1 firma dod\u011blala p\u0159\u00ed\u0161t\u00ed rok, a\u017e k tomu budou vhodn\u00e9 klimatick\u00e9 podm\u00ednky. Za druh\u00e9 &#8211; vyhl\u00e1sit nov\u00e9 v\u00fdb\u011brov\u00e9 \u0159\u00edzen\u00ed, ale zde bychom se z\u0159ejm\u011b ji\u017e dnes dostali na jin\u00e9 vy\u0161\u0161\u00ed vysout\u011b\u017een\u00e9 \u010d\u00e1stky a p\u0159i\u0161li tak o ji\u017e zm\u00edn\u011bnou dotaci. Jsem r\u00e1d, \u017ee zv\u00edt\u011bzil zdrav\u00fd rozum a zastupitel\u00e9 se shodli na t\u00e9 prvn\u00ed variant\u011b. Nyn\u00ed bude v\u011bc\u00ed pr\u00e1vn\u00edk\u016f a odboru investic a \u00fadr\u017eby , aby doladili podm\u00ednky cel\u00e9ho ukon\u010den\u00ed s firmou IZOGARANT. V\u011b\u0159\u00edm, \u017ee v z\u00e1\u0159\u00ed se na oprav\u011b \u0161koly za\u010dne pracovat tak, aby v\u0161e bylo \u0159\u00e1dn\u011b hotov\u00e9. Je mi jasn\u00e9, \u017ee se obyvatel\u00e9 na\u0161eho m\u011bsta divili, pro\u010d se na stavb\u011b nepracuje atd., ale v\u011b\u0159te mi, \u017ee veden\u00ed m\u011bsta spole\u010dn\u011b s odborem investic a \u00fadr\u017eby d\u011blalo v\u0161e pro to, aby firma na stavb\u011b dodr\u017eovala stanoven\u00e9 podm\u00ednky a i t\u00edmto d\u016fsledn\u00fdm a d\u016frazn\u00fdm jedn\u00e1n\u00edm do\u0161lo k tomu, \u017ee firma nakonec z v\u00fd\u0161e uveden\u00fdch d\u016fvod\u016f sama skon\u010dila a neprotahovala svoje (ne)d\u011bl\u00e1n\u00ed do dal\u0161\u00edch dn\u00ed, t\u00fddn\u016f a m\u011bs\u00edc\u016f.<\/em><\/p>\n<p><strong>(red)<\/strong><\/p>\n<p>Foto: (red) \u2013 Za kr\u00e1sn\u011bj\u0161\u00ed Vimperk<\/p>\n<p>&nbsp;<\/p>\n<p><strong>Psali jsme tak\u00e9:<\/strong><\/p>\n<h6 class=\"entry-title\"><a title=\"ODPOV\u011a\u010e Z RADNICE: Co d\u00e1l s p\u0159eru\u0161enou opravou z\u00e1kladn\u00ed \u0161koly v parku, nep\u0159ijde m\u011bsto o dotaci?\" href=\"http:\/\/zakrasnejsivimperk.cz\/?p=105049\" target=\"_blank\" rel=\"bookmark noopener noreferrer\">ODPOV\u011a\u010e Z RADNICE: Co d\u00e1l s p\u0159eru\u0161enou opravou z\u00e1kladn\u00ed \u0161koly v parku, nep\u0159ijde m\u011bsto o dotaci?<\/a><\/h6>\n<h6><a href=\"http:\/\/zakrasnejsivimperk.cz\/?p=103573\" target=\"_blank\" rel=\"noopener noreferrer\">LE\u0160EN\u00cd BEZ D\u011aLN\u00cdK\u016e (4): Firma sl\u00edbila pokra\u010dov\u00e1n\u00ed prac\u00ed od t\u00e9to st\u0159edy, \u0159\u00edk\u00e1 m\u00edstostarosta Luk\u00e1\u0161 S\u00fds<\/a><\/h6>\n<h6><a title=\"LE\u0160EN\u00cd BEZ D\u011aLN\u00cdK\u016e (3): Zhotovitelsk\u00e1 firma ode\u0161la od zapo\u010dat\u00e9 pr\u00e1ce a zat\u00edm se k n\u00ed st\u00e1le ner\u00e1\u010d\u00ed vr\u00e1tit\" href=\"http:\/\/zakrasnejsivimperk.cz\/?p=102315\" target=\"_blank\" rel=\"bookmark noopener noreferrer\">LE\u0160EN\u00cd BEZ D\u011aLN\u00cdK\u016e (3): Zhotovitelsk\u00e1 firma ode\u0161la od zapo\u010dat\u00e9 pr\u00e1ce a zat\u00edm se k n\u00ed st\u00e1le ner\u00e1\u010d\u00ed vr\u00e1tit<\/a><\/h6>\n<h6><a title=\"LE\u0160EN\u00cd BEZ D\u011aLN\u00cdK\u016e (2): M\u00edstostarosta Luk\u00e1\u0161 S\u00fds odpov\u00edd\u00e1 na dal\u0161\u00ed ot\u00e1zky k obnov\u011b fas\u00e1dy Z\u0160 v parku\" href=\"http:\/\/zakrasnejsivimperk.cz\/?p=101117\" target=\"_blank\" rel=\"bookmark noopener noreferrer\">LE\u0160EN\u00cd BEZ D\u011aLN\u00cdK\u016e (2): M\u00edstostarosta Luk\u00e1\u0161 S\u00fds odpov\u00edd\u00e1 na dal\u0161\u00ed ot\u00e1zky k obnov\u011b fas\u00e1dy Z\u0160 v parku<\/a><\/h6>\n<h6><a title=\"LE\u0160EN\u00cd BEZ D\u011aLN\u00cdK\u016e: Pro\u010d nepokra\u010duje obnova fas\u00e1dy \u0161koly v parku? Odpov\u00edd\u00e1 m\u00edstostarosta Luk\u00e1\u0161 S\u00fds\" href=\"http:\/\/zakrasnejsivimperk.cz\/?p=101036\" target=\"_blank\" rel=\"bookmark noopener noreferrer\">LE\u0160EN\u00cd BEZ D\u011aLN\u00cdK\u016e: Pro\u010d nepokra\u010duje obnova fas\u00e1dy \u0161koly v parku? Odpov\u00edd\u00e1 m\u00edstostarosta Luk\u00e1\u0161 S\u00fds<\/a><\/h6>\n<p>&nbsp;<\/p>\n<p>&nbsp;<\/p>\n","protected":false},"excerpt":{"rendered":"<p>&nbsp; Pt\u00e1me <\/p>\n","protected":false},"author":2,"featured_media":105051,"comment_status":"open","ping_status":"open","sticky":false,"template":"","format":"gallery","meta":{"footnotes":""},"categories":[7],"tags":[],"jetpack_featured_media_url":"https:\/\/zakrasnejsivimperk.cz\/wp-content\/uploads\/2017\/08\/01\/luk\u00e1\u0161-s\u00fds-2.jpg","_links":{"self":[{"href":"https:\/\/zakrasnejsivimperk.cz\/index.php?rest_route=\/wp\/v2\/posts\/105732"}],"collection":[{"href":"https:\/\/zakrasnejsivimperk.cz\/index.php?rest_route=\/wp\/v2\/posts"}],"about":[{"href":"https:\/\/zakrasnejsivimperk.cz\/index.php?rest_route=\/wp\/v2\/types\/post"}],"author":[{"embeddable":true,"href":"https:\/\/zakrasnejsivimperk.cz\/index.php?rest_route=\/wp\/v2\/users\/2"}],"replies":[{"embeddable":true,"href":"https:\/\/zakrasnejsivimperk.cz\/index.php?rest_route=%2Fwp%2Fv2%2Fcomments&post=105732"}],"version-history":[{"count":6,"href":"https:\/\/zakrasnejsivimperk.cz\/index.php?rest_route=\/wp\/v2\/posts\/105732\/revisions"}],"predecessor-version":[{"id":105738,"href":"https:\/\/zakrasnejsivimperk.cz\/index.php?rest_route=\/wp\/v2\/posts\/105732\/revisions\/105738"}],"wp:featuredmedia":[{"embeddable":true,"href":"https:\/\/zakrasnejsivimperk.cz\/index.php?rest_route=\/wp\/v2\/media\/105051"}],"wp:attachment":[{"href":"https:\/\/zakrasnejsivimperk.cz\/index.php?rest_route=%2Fwp%2Fv2%2Fmedia&parent=105732"}],"wp:term":[{"taxonomy":"category","embeddable":true,"href":"https:\/\/zakrasnejsivimperk.cz\/index.php?rest_route=%2Fwp%2Fv2%2Fcategories&post=105732"},{"taxonomy":"post_tag","embeddable":true,"href":"https:\/\/zakrasnejsivimperk.cz\/index.php?rest_route=%2Fwp%2Fv2%2Ftags&post=105732"}],"curies":[{"name":"wp","href":"https:\/\/api.w.org\/{rel}","templated":true}]}}