{"id":105723,"date":"2017-08-14T14:34:55","date_gmt":"2017-08-14T13:34:55","guid":{"rendered":"http:\/\/zakrasnejsivimperk.cz\/?p=105723"},"modified":"2017-08-14T14:37:32","modified_gmt":"2017-08-14T13:37:32","slug":"ceske-budejovice-jednotlivci-a-organizace-mohou-nominovat-kandidaty-na-cenu-hejtmanky-jihoceskeho-kraje","status":"publish","type":"post","link":"https:\/\/zakrasnejsivimperk.cz\/?p=105723","title":{"rendered":"\u010c. BUD\u011aJOVICE: Jednotlivci a organizace st\u00e1le mohou nominovat kandid\u00e1ty na Cenu hejtmanky J\u010d. kraje"},"content":{"rendered":"<p><img loading=\"lazy\" decoding=\"async\" class=\"aligncenter wp-image-105725 size-full\" src=\"http:\/\/zakrasnejsivimperk.cz\/wp-content\/uploads\/2017\/08\/09\/cena-hejtmanky.jpg\" alt=\"\" width=\"1065\" height=\"600\" srcset=\"https:\/\/zakrasnejsivimperk.cz\/wp-content\/uploads\/2017\/08\/09\/cena-hejtmanky.jpg 1065w, https:\/\/zakrasnejsivimperk.cz\/wp-content\/uploads\/2017\/08\/09\/cena-hejtmanky-300x169.jpg 300w, https:\/\/zakrasnejsivimperk.cz\/wp-content\/uploads\/2017\/08\/09\/cena-hejtmanky-768x433.jpg 768w, https:\/\/zakrasnejsivimperk.cz\/wp-content\/uploads\/2017\/08\/09\/cena-hejtmanky-1024x577.jpg 1024w, https:\/\/zakrasnejsivimperk.cz\/wp-content\/uploads\/2017\/08\/09\/cena-hejtmanky-634x357.jpg 634w, https:\/\/zakrasnejsivimperk.cz\/wp-content\/uploads\/2017\/08\/09\/cena-hejtmanky-857x483.jpg 857w\" sizes=\"(max-width: 1065px) 100vw, 1065px\" \/><\/p>\n<p>&nbsp;<\/p>\n<h6>Do konce srpna mohou jednotlivci a organizace nominovat kandid\u00e1ty na ud\u011blen\u00ed Ceny hejtmanky Jiho\u010desk\u00e9ho kraje za rok 2017.<\/h6>\n<p><img loading=\"lazy\" decoding=\"async\" class=\"size-medium wp-image-92309 alignright\" src=\"http:\/\/zakrasnejsivimperk.cz\/wp-content\/uploads\/2017\/02\/09\/jiho\u010desk\u00fd-kraj3-300x161.jpg\" alt=\"\" width=\"300\" height=\"161\" srcset=\"https:\/\/zakrasnejsivimperk.cz\/wp-content\/uploads\/2017\/02\/09\/jiho\u010desk\u00fd-kraj3-300x161.jpg 300w, https:\/\/zakrasnejsivimperk.cz\/wp-content\/uploads\/2017\/02\/09\/jiho\u010desk\u00fd-kraj3-768x412.jpg 768w, https:\/\/zakrasnejsivimperk.cz\/wp-content\/uploads\/2017\/02\/09\/jiho\u010desk\u00fd-kraj3-665x357.jpg 665w, https:\/\/zakrasnejsivimperk.cz\/wp-content\/uploads\/2017\/02\/09\/jiho\u010desk\u00fd-kraj3-899x483.jpg 899w, https:\/\/zakrasnejsivimperk.cz\/wp-content\/uploads\/2017\/02\/09\/jiho\u010desk\u00fd-kraj3.jpg 1000w\" sizes=\"(max-width: 300px) 100vw, 300px\" \/>Cena hejtmanky je ocen\u011bn\u00ed za mimo\u0159\u00e1dn\u00e9 \u010diny a celo\u017eivotn\u00ed pr\u00e1ci ud\u00edlen\u00e9 lidem, kte\u0159\u00ed se zaslou\u017eili o rozvoj \u010di dobr\u00e9 jm\u00e9no Jiho\u010desk\u00e9ho kraje v nejr\u016fzn\u011bj\u0161\u00edch oblastech \u010di vykonali jin\u00fd prosp\u011b\u0161n\u00fd \u010din. Jiho\u010de\u0161i mohou ji\u017e nyn\u00ed navrhovat kandid\u00e1ty na Cenu hejtmanky Jiho\u010desk\u00e9ho kraje za rok 2017 &#8211; tzv. Zlatou \u0161upinu. Slavnostn\u00ed vyhl\u00e1\u0161en\u00ed a p\u0159ed\u00e1n\u00ed cen se uskute\u010dn\u00ed stejn\u011b jako vloni v r\u00e1mci oslav vzniku samostatn\u00e9ho \u010ceskoslovenska.<\/p>\n<p>P\u0159ehled v\u0161ech dosavadn\u00edch ro\u010dn\u00edk\u016f najdete\u00a0<strong><a href=\"http:\/\/www.kraj-jihocesky.cz\/1933\/cena_hejtmanky.htm\" target=\"_blank\" rel=\"noopener noreferrer\">ZDE<\/a><\/strong>.<\/p>\n<p>Nominace jsou p\u0159ij\u00edm\u00e1ny na adrese:\u00a0<a href=\"mailto:cenahejtmanky@kraj-jihocesky.cz\" target=\"_blank\" rel=\"noopener noreferrer\"><strong>cenahejtmanky@kraj-jihocesky.cz<\/strong><\/a>.<\/p>\n<p>Zpr\u00e1va mus\u00ed obsahovat stru\u010dn\u00fd \u017eivotopis nominovan\u00e9 osobnosti a z\u00e1sluhy, kv\u016fli kter\u00fdm je nominov\u00e1na.<\/p>\n<p><strong>Text a foto: (tzj\u010d)<\/strong><\/p>\n<p>&nbsp;<\/p>\n<p>&nbsp;<\/p>\n","protected":false},"excerpt":{"rendered":"<p>&nbsp; Do <\/p>\n","protected":false},"author":2,"featured_media":105725,"comment_status":"open","ping_status":"open","sticky":false,"template":"","format":"gallery","meta":{"footnotes":""},"categories":[7],"tags":[],"jetpack_featured_media_url":"https:\/\/zakrasnejsivimperk.cz\/wp-content\/uploads\/2017\/08\/09\/cena-hejtmanky.jpg","_links":{"self":[{"href":"https:\/\/zakrasnejsivimperk.cz\/index.php?rest_route=\/wp\/v2\/posts\/105723"}],"collection":[{"href":"https:\/\/zakrasnejsivimperk.cz\/index.php?rest_route=\/wp\/v2\/posts"}],"about":[{"href":"https:\/\/zakrasnejsivimperk.cz\/index.php?rest_route=\/wp\/v2\/types\/post"}],"author":[{"embeddable":true,"href":"https:\/\/zakrasnejsivimperk.cz\/index.php?rest_route=\/wp\/v2\/users\/2"}],"replies":[{"embeddable":true,"href":"https:\/\/zakrasnejsivimperk.cz\/index.php?rest_route=%2Fwp%2Fv2%2Fcomments&post=105723"}],"version-history":[{"count":6,"href":"https:\/\/zakrasnejsivimperk.cz\/index.php?rest_route=\/wp\/v2\/posts\/105723\/revisions"}],"predecessor-version":[{"id":106177,"href":"https:\/\/zakrasnejsivimperk.cz\/index.php?rest_route=\/wp\/v2\/posts\/105723\/revisions\/106177"}],"wp:featuredmedia":[{"embeddable":true,"href":"https:\/\/zakrasnejsivimperk.cz\/index.php?rest_route=\/wp\/v2\/media\/105725"}],"wp:attachment":[{"href":"https:\/\/zakrasnejsivimperk.cz\/index.php?rest_route=%2Fwp%2Fv2%2Fmedia&parent=105723"}],"wp:term":[{"taxonomy":"category","embeddable":true,"href":"https:\/\/zakrasnejsivimperk.cz\/index.php?rest_route=%2Fwp%2Fv2%2Fcategories&post=105723"},{"taxonomy":"post_tag","embeddable":true,"href":"https:\/\/zakrasnejsivimperk.cz\/index.php?rest_route=%2Fwp%2Fv2%2Ftags&post=105723"}],"curies":[{"name":"wp","href":"https:\/\/api.w.org\/{rel}","templated":true}]}}