{"id":105602,"date":"2017-08-08T11:10:09","date_gmt":"2017-08-08T10:10:09","guid":{"rendered":"http:\/\/zakrasnejsivimperk.cz\/?p=105602"},"modified":"2017-08-08T11:10:09","modified_gmt":"2017-08-08T10:10:09","slug":"ceske-budejovice-predstavitele-jihoceskeho-kraje-navstivili-kazachstan-a-sverdlovskou-oblast","status":"publish","type":"post","link":"https:\/\/zakrasnejsivimperk.cz\/?p=105602","title":{"rendered":"\u010cESK\u00c9 BUD\u011aJOVICE: P\u0159edstavitel\u00e9 Jiho\u010desk\u00e9ho kraje nav\u0161t\u00edvili Kazachst\u00e1n a Sverdlovskou oblast"},"content":{"rendered":"<p><img loading=\"lazy\" decoding=\"async\" class=\"aligncenter wp-image-105603 size-full\" src=\"http:\/\/zakrasnejsivimperk.cz\/wp-content\/uploads\/2017\/08\/08\/kraj-n\u00e1v\u0161t\u011bva-kazachst\u00e1nu.jpg\" alt=\"\" width=\"792\" height=\"497\" srcset=\"https:\/\/zakrasnejsivimperk.cz\/wp-content\/uploads\/2017\/08\/08\/kraj-n\u00e1v\u0161t\u011bva-kazachst\u00e1nu.jpg 792w, https:\/\/zakrasnejsivimperk.cz\/wp-content\/uploads\/2017\/08\/08\/kraj-n\u00e1v\u0161t\u011bva-kazachst\u00e1nu-300x188.jpg 300w, https:\/\/zakrasnejsivimperk.cz\/wp-content\/uploads\/2017\/08\/08\/kraj-n\u00e1v\u0161t\u011bva-kazachst\u00e1nu-768x482.jpg 768w, https:\/\/zakrasnejsivimperk.cz\/wp-content\/uploads\/2017\/08\/08\/kraj-n\u00e1v\u0161t\u011bva-kazachst\u00e1nu-569x357.jpg 569w, https:\/\/zakrasnejsivimperk.cz\/wp-content\/uploads\/2017\/08\/08\/kraj-n\u00e1v\u0161t\u011bva-kazachst\u00e1nu-770x483.jpg 770w\" sizes=\"(max-width: 792px) 100vw, 792px\" \/><\/p>\n<p>&nbsp;<\/p>\n<h6>P\u0159edstavitel\u00e9 Jiho\u010desk\u00e9ho kraje nav\u0161t\u00edvili Kazachst\u00e1n a Sverdlovskou oblast kv\u016fli nav\u00e1z\u00e1n\u00ed hlub\u0161\u00ed spolupr\u00e1ce v oblasti smart technologi\u00ed.<\/h6>\n<p>Jiho\u010desk\u00fd kraj a vl\u00e1dn\u00ed instituce st\u00e1tu Kazachst\u00e1n pracuj\u00ed na n\u011bkolika spole\u010dn\u00fdch t\u00e9matech a p\u0159i \u0159e\u0161en\u00ed podobn\u00fdch projekt\u016f si mohou vz\u00e1jemn\u011b pomoci. Vyplynulo to z pracovn\u00ed cesty z\u00e1stupc\u016f Jiho\u010desk\u00e9ho kraje veden\u00e9 prvn\u00edm n\u00e1m\u011bstkem hejtmanky Josefem Knotem do Kazachst\u00e1nu a Jekat\u011brinburgu ve Sverdlovsk\u00e9 oblasti v Rusk\u00e9 federaci.<\/p>\n<p><em>\u201eV Kazachst\u00e1nu spustili velmi intenzivn\u00ed vl\u00e1dn\u00ed program zam\u011b\u0159en\u00fd na smart technologie, co\u017e je oblast, ve kter\u00e9 si dok\u00e1\u017eeme vym\u011bnit mnoho zku\u0161enost\u00ed. Kazachst\u00e1nsk\u00e1 strana tak\u00e9 projevila z\u00e1jem o informace t\u00fdkaj\u00edc\u00ed se zpracov\u00e1n\u00ed odpad\u016f,&#8221;<\/em> \u0159ekl Josef Knot po setk\u00e1n\u00ed s p\u0159edstaviteli kazachst\u00e1nsk\u00e9 vl\u00e1dy na sv\u011btov\u00e9 v\u00fdstav\u011b EXPO v hlavn\u00edm m\u011bst\u011b Astan\u011b, kde Jiho\u010desk\u00fd kraj jinak p\u0159edstavoval p\u0159edev\u0161\u00edm svou turistickou nab\u00eddku.<\/p>\n<p><em>\u201eN\u00e1sledn\u011b v Jekat\u011brinburgu jsme zjistili, \u017ee doslova fenom\u00e9nem je zde hokejov\u00fd brank\u00e1\u0159 Jakub Kov\u00e1\u0159, p\u00edseck\u00fd rod\u00e1k. Souhlasil s t\u00edm, \u017ee pod jeho jm\u00e9nem zorganizujeme hokejov\u00fd camp pro na\u0161e a sverdlovsk\u00e9 mlad\u00e9 hokejisty. Tak\u00e9 proto, \u017ee m\u00edstn\u00ed tr\u00e9ninkov\u00e9 st\u0159edisko ml\u00e1de\u017ee je na \u0161pi\u010dkov\u00e9 \u00farovni,&#8221;<\/em> dopl\u0148uje Josef Knot.<\/p>\n<p>Po jedn\u00e1n\u00ed na Uralsk\u00e9 feder\u00e1ln\u00ed univerzit\u011b, na kter\u00e9 studuje t\u00e9m\u011b\u0159 40 tis\u00edc student\u016f, je podle jeho slov dal\u0161\u00edm velmi zaj\u00edmav\u00fdm t\u00e9matem vz\u00e1jemn\u00e9 uzn\u00e1v\u00e1n\u00ed vysoko\u0161kolsk\u00fdch diplom\u016f, kdy na na\u0161\u00ed stran\u011b pot\u0159ebujeme kvalitn\u00ed in\u017een\u00fdry a naopak zaznamen\u00e1v\u00e1me velk\u00fd z\u00e1jem o studium u n\u00e1s. Z dal\u0161\u00edho setk\u00e1n\u00ed s prezidentem Uralsk\u00e9 obchodn\u011b-pr\u016fmyslov\u00e9 komory pak op\u011bt vyplynula snaha porovnat si zku\u0161enosti z oblasti smart technologi\u00ed a my\u0161lenka uspo\u0159\u00e1d\u00e1n\u00ed pracovn\u00ed cesty jiho\u010desk\u00fdch podnikatel\u016f do tohoto v\u00fdznamn\u00e9ho pr\u016fmyslov\u00e9ho regionu.<\/p>\n<p><em>\u201eBylo rovn\u011b\u017e velmi p\u0159ekvapuj\u00edc\u00ed, jak\u00fd z\u00e1jem je o koncerty Jiho\u010desk\u00e9 filharmonie. Tam bychom cht\u011bli tak\u00e9 naj\u00edt n\u011bjakou formu kulturn\u00ed spolupr\u00e1ce,&#8221;<\/em> uzav\u0159el Josef Knot.<\/p>\n<p>&nbsp;<\/p>\n<p><strong>Text a foto: (tzj\u010d)<\/strong><\/p>\n<p>&nbsp;<\/p>\n<p>&nbsp;<\/p>\n","protected":false},"excerpt":{"rendered":"<p>&nbsp; P\u0159edstavitel\u00e9 <\/p>\n","protected":false},"author":2,"featured_media":105603,"comment_status":"open","ping_status":"open","sticky":false,"template":"","format":"gallery","meta":{"footnotes":""},"categories":[7],"tags":[],"jetpack_featured_media_url":"https:\/\/zakrasnejsivimperk.cz\/wp-content\/uploads\/2017\/08\/08\/kraj-n\u00e1v\u0161t\u011bva-kazachst\u00e1nu.jpg","_links":{"self":[{"href":"https:\/\/zakrasnejsivimperk.cz\/index.php?rest_route=\/wp\/v2\/posts\/105602"}],"collection":[{"href":"https:\/\/zakrasnejsivimperk.cz\/index.php?rest_route=\/wp\/v2\/posts"}],"about":[{"href":"https:\/\/zakrasnejsivimperk.cz\/index.php?rest_route=\/wp\/v2\/types\/post"}],"author":[{"embeddable":true,"href":"https:\/\/zakrasnejsivimperk.cz\/index.php?rest_route=\/wp\/v2\/users\/2"}],"replies":[{"embeddable":true,"href":"https:\/\/zakrasnejsivimperk.cz\/index.php?rest_route=%2Fwp%2Fv2%2Fcomments&post=105602"}],"version-history":[{"count":1,"href":"https:\/\/zakrasnejsivimperk.cz\/index.php?rest_route=\/wp\/v2\/posts\/105602\/revisions"}],"predecessor-version":[{"id":105604,"href":"https:\/\/zakrasnejsivimperk.cz\/index.php?rest_route=\/wp\/v2\/posts\/105602\/revisions\/105604"}],"wp:featuredmedia":[{"embeddable":true,"href":"https:\/\/zakrasnejsivimperk.cz\/index.php?rest_route=\/wp\/v2\/media\/105603"}],"wp:attachment":[{"href":"https:\/\/zakrasnejsivimperk.cz\/index.php?rest_route=%2Fwp%2Fv2%2Fmedia&parent=105602"}],"wp:term":[{"taxonomy":"category","embeddable":true,"href":"https:\/\/zakrasnejsivimperk.cz\/index.php?rest_route=%2Fwp%2Fv2%2Fcategories&post=105602"},{"taxonomy":"post_tag","embeddable":true,"href":"https:\/\/zakrasnejsivimperk.cz\/index.php?rest_route=%2Fwp%2Fv2%2Ftags&post=105602"}],"curies":[{"name":"wp","href":"https:\/\/api.w.org\/{rel}","templated":true}]}}