{"id":105020,"date":"2017-08-01T11:12:27","date_gmt":"2017-08-01T10:12:27","guid":{"rendered":"http:\/\/zakrasnejsivimperk.cz\/?p=105020"},"modified":"2017-08-01T11:16:55","modified_gmt":"2017-08-01T10:16:55","slug":"nebe-nad-hlavou-vecer-a-v-noci-misty-zahrozi-silne-bourky-mohou-byt-s-krupobitim-a-privalovym-destem","status":"publish","type":"post","link":"https:\/\/zakrasnejsivimperk.cz\/?p=105020","title":{"rendered":"NEBE NAD HLAVOU: Ve\u010der a v noci na st\u0159edu m\u00edsty zahroz\u00ed siln\u00e9 bou\u0159ky, p\u0159\u00edvalov\u00e9 de\u0161t\u011b i krupobit\u00ed"},"content":{"rendered":"<p><img loading=\"lazy\" decoding=\"async\" class=\"aligncenter wp-image-105021 size-full\" src=\"http:\/\/zakrasnejsivimperk.cz\/wp-content\/uploads\/2017\/08\/01\/mapa-po\u010das\u00ed-010817.png\" alt=\"\" width=\"800\" height=\"600\" srcset=\"https:\/\/zakrasnejsivimperk.cz\/wp-content\/uploads\/2017\/08\/01\/mapa-po\u010das\u00ed-010817.png 800w, https:\/\/zakrasnejsivimperk.cz\/wp-content\/uploads\/2017\/08\/01\/mapa-po\u010das\u00ed-010817-300x225.png 300w, https:\/\/zakrasnejsivimperk.cz\/wp-content\/uploads\/2017\/08\/01\/mapa-po\u010das\u00ed-010817-768x576.png 768w, https:\/\/zakrasnejsivimperk.cz\/wp-content\/uploads\/2017\/08\/01\/mapa-po\u010das\u00ed-010817-476x357.png 476w, https:\/\/zakrasnejsivimperk.cz\/wp-content\/uploads\/2017\/08\/01\/mapa-po\u010das\u00ed-010817-644x483.png 644w\" sizes=\"(max-width: 800px) 100vw, 800px\" \/><\/p>\n<h6 style=\"text-align: center;\"><a id=\"js_akn\" class=\"_hli\" href=\"https:\/\/www.facebook.com\/meteopress\/\" target=\"_blank\" rel=\"noopener noreferrer\" data-ft=\"{&quot;tn&quot;:&quot;k&quot;}\" data-hovercard=\"\/ajax\/hovercard\/page.php?id=272973163709\" data-hovercard-prefer-more-content-show=\"1\">Meteopress Online<\/a><\/h6>\n<p>&nbsp;<\/p>\n<p>&nbsp;<\/p>\n<p>&nbsp;<\/p>\n","protected":false},"excerpt":{"rendered":"<p>Meteopress Online <\/p>\n","protected":false},"author":2,"featured_media":105021,"comment_status":"open","ping_status":"open","sticky":false,"template":"","format":"gallery","meta":{"footnotes":""},"categories":[31],"tags":[],"jetpack_featured_media_url":"https:\/\/zakrasnejsivimperk.cz\/wp-content\/uploads\/2017\/08\/01\/mapa-po\u010das\u00ed-010817.png","_links":{"self":[{"href":"https:\/\/zakrasnejsivimperk.cz\/index.php?rest_route=\/wp\/v2\/posts\/105020"}],"collection":[{"href":"https:\/\/zakrasnejsivimperk.cz\/index.php?rest_route=\/wp\/v2\/posts"}],"about":[{"href":"https:\/\/zakrasnejsivimperk.cz\/index.php?rest_route=\/wp\/v2\/types\/post"}],"author":[{"embeddable":true,"href":"https:\/\/zakrasnejsivimperk.cz\/index.php?rest_route=\/wp\/v2\/users\/2"}],"replies":[{"embeddable":true,"href":"https:\/\/zakrasnejsivimperk.cz\/index.php?rest_route=%2Fwp%2Fv2%2Fcomments&post=105020"}],"version-history":[{"count":5,"href":"https:\/\/zakrasnejsivimperk.cz\/index.php?rest_route=\/wp\/v2\/posts\/105020\/revisions"}],"predecessor-version":[{"id":105026,"href":"https:\/\/zakrasnejsivimperk.cz\/index.php?rest_route=\/wp\/v2\/posts\/105020\/revisions\/105026"}],"wp:featuredmedia":[{"embeddable":true,"href":"https:\/\/zakrasnejsivimperk.cz\/index.php?rest_route=\/wp\/v2\/media\/105021"}],"wp:attachment":[{"href":"https:\/\/zakrasnejsivimperk.cz\/index.php?rest_route=%2Fwp%2Fv2%2Fmedia&parent=105020"}],"wp:term":[{"taxonomy":"category","embeddable":true,"href":"https:\/\/zakrasnejsivimperk.cz\/index.php?rest_route=%2Fwp%2Fv2%2Fcategories&post=105020"},{"taxonomy":"post_tag","embeddable":true,"href":"https:\/\/zakrasnejsivimperk.cz\/index.php?rest_route=%2Fwp%2Fv2%2Ftags&post=105020"}],"curies":[{"name":"wp","href":"https:\/\/api.w.org\/{rel}","templated":true}]}}