{"id":104908,"date":"2017-07-31T14:43:19","date_gmt":"2017-07-31T13:43:19","guid":{"rendered":"http:\/\/zakrasnejsivimperk.cz\/?p=104908"},"modified":"2017-07-31T14:44:15","modified_gmt":"2017-07-31T13:44:15","slug":"nebe-nad-hlavou-panecku-to-se-letne-ohrejeme-v-utery-pry-budou-teploty-atakovat-ctyricitku","status":"publish","type":"post","link":"https:\/\/zakrasnejsivimperk.cz\/?p=104908","title":{"rendered":"NEBE NAD HLAVOU: Pane\u010dku, to se par\u00e1dn\u011b oh\u0159ejeme. V \u00fater\u00fd pr\u00fd budou teploty atakovat \u010dty\u0159ic\u00edtku"},"content":{"rendered":"<p><img loading=\"lazy\" decoding=\"async\" class=\"aligncenter wp-image-104911 size-full\" src=\"http:\/\/zakrasnejsivimperk.cz\/wp-content\/uploads\/2017\/07\/31\/mapa-pocasi-010817-1.png\" alt=\"\" width=\"800\" height=\"600\" srcset=\"https:\/\/zakrasnejsivimperk.cz\/wp-content\/uploads\/2017\/07\/31\/mapa-pocasi-010817-1.png 800w, https:\/\/zakrasnejsivimperk.cz\/wp-content\/uploads\/2017\/07\/31\/mapa-pocasi-010817-1-300x225.png 300w, https:\/\/zakrasnejsivimperk.cz\/wp-content\/uploads\/2017\/07\/31\/mapa-pocasi-010817-1-768x576.png 768w, https:\/\/zakrasnejsivimperk.cz\/wp-content\/uploads\/2017\/07\/31\/mapa-pocasi-010817-1-476x357.png 476w, https:\/\/zakrasnejsivimperk.cz\/wp-content\/uploads\/2017\/07\/31\/mapa-pocasi-010817-1-644x483.png 644w\" sizes=\"(max-width: 800px) 100vw, 800px\" \/><\/p>\n<h6 style=\"text-align: center;\">M\u00e1me p\u0159ed sebou zat\u00edm nejteplej\u0161\u00ed t\u00fdden pr\u00e1zdnin &#8211; rtu\u0165 teplom\u011bru bude p\u0159ekra\u010dovat 30 \u00b0C. V \u00fater\u00fd nam\u011b\u0159\u00edme a\u017e 39 \u00b0C. Bu\u010fte na sebe opatrn\u00ed.<\/h6>\n<p>&nbsp;<\/p>\n<p><img loading=\"lazy\" decoding=\"async\" class=\"aligncenter wp-image-104913 size-full\" src=\"http:\/\/zakrasnejsivimperk.cz\/wp-content\/uploads\/2017\/07\/31\/mapa.png\" alt=\"\" width=\"800\" height=\"600\" srcset=\"https:\/\/zakrasnejsivimperk.cz\/wp-content\/uploads\/2017\/07\/31\/mapa.png 800w, https:\/\/zakrasnejsivimperk.cz\/wp-content\/uploads\/2017\/07\/31\/mapa-300x225.png 300w, https:\/\/zakrasnejsivimperk.cz\/wp-content\/uploads\/2017\/07\/31\/mapa-768x576.png 768w, https:\/\/zakrasnejsivimperk.cz\/wp-content\/uploads\/2017\/07\/31\/mapa-476x357.png 476w, https:\/\/zakrasnejsivimperk.cz\/wp-content\/uploads\/2017\/07\/31\/mapa-644x483.png 644w\" sizes=\"(max-width: 800px) 100vw, 800px\" \/><\/p>\n<h6 style=\"text-align: center;\">Co pl\u00e1nujete na \u00fatern\u00ed, od za\u010d\u00e1tku roku nejteplej\u0161\u00ed den? Snad nic n\u00e1ro\u010dn\u00e9ho. Jen p\u00edt a odpo\u010d\u00edvat. Modely ukazuj\u00ed, \u017ee v \u00fater\u00fd bude pr\u0161et a bou\u0159it pouze na z\u00e1pad\u011b \u00fazem\u00ed.<\/h6>\n<h5 id=\"js_ms\" class=\"_5pbw _5vra _11dd\" style=\"text-align: center;\" data-ft=\"{&quot;tn&quot;:&quot;C&quot;}\"><span class=\"fwn fcg\"><span class=\"fwb fcg\" data-ft=\"{&quot;tn&quot;:&quot;k&quot;}\"><a id=\"js_2m8\" href=\"https:\/\/www.facebook.com\/meteopress\/?hc_ref=ARTmlVSE24iBx-fnEJb9Mka3okcb-yznm4v7dvOM4UN7WflaVSyV4-REmrawQpvYGPA&amp;fref=nf\" target=\"_blank\" rel=\"noopener noreferrer\" data-hovercard=\"\/ajax\/hovercard\/page.php?id=272973163709&amp;extragetparams=%7B%22hc_ref%22%3A%22ARTmlVSE24iBx-fnEJb9Mka3okcb-yznm4v7dvOM4UN7WflaVSyV4-REmrawQpvYGPA%22%2C%22fref%22%3A%22nf%22%7D\" data-hovercard-prefer-more-content-show=\"1\" data-hovercard-referer=\"ARTmlVSE24iBx-fnEJb9Mka3okcb-yznm4v7dvOM4UN7WflaVSyV4-REmrawQpvYGPA\">Meteopress Online<\/a><\/span><\/span><\/h5>\n<p>&nbsp;<\/p>\n<p>&nbsp;<\/p>\n","protected":false},"excerpt":{"rendered":"<p>M\u00e1me p\u0159ed <\/p>\n","protected":false},"author":2,"featured_media":104911,"comment_status":"open","ping_status":"open","sticky":false,"template":"","format":"gallery","meta":{"footnotes":""},"categories":[31],"tags":[],"jetpack_featured_media_url":"https:\/\/zakrasnejsivimperk.cz\/wp-content\/uploads\/2017\/07\/31\/mapa-pocasi-010817-1.png","_links":{"self":[{"href":"https:\/\/zakrasnejsivimperk.cz\/index.php?rest_route=\/wp\/v2\/posts\/104908"}],"collection":[{"href":"https:\/\/zakrasnejsivimperk.cz\/index.php?rest_route=\/wp\/v2\/posts"}],"about":[{"href":"https:\/\/zakrasnejsivimperk.cz\/index.php?rest_route=\/wp\/v2\/types\/post"}],"author":[{"embeddable":true,"href":"https:\/\/zakrasnejsivimperk.cz\/index.php?rest_route=\/wp\/v2\/users\/2"}],"replies":[{"embeddable":true,"href":"https:\/\/zakrasnejsivimperk.cz\/index.php?rest_route=%2Fwp%2Fv2%2Fcomments&post=104908"}],"version-history":[{"count":4,"href":"https:\/\/zakrasnejsivimperk.cz\/index.php?rest_route=\/wp\/v2\/posts\/104908\/revisions"}],"predecessor-version":[{"id":104917,"href":"https:\/\/zakrasnejsivimperk.cz\/index.php?rest_route=\/wp\/v2\/posts\/104908\/revisions\/104917"}],"wp:featuredmedia":[{"embeddable":true,"href":"https:\/\/zakrasnejsivimperk.cz\/index.php?rest_route=\/wp\/v2\/media\/104911"}],"wp:attachment":[{"href":"https:\/\/zakrasnejsivimperk.cz\/index.php?rest_route=%2Fwp%2Fv2%2Fmedia&parent=104908"}],"wp:term":[{"taxonomy":"category","embeddable":true,"href":"https:\/\/zakrasnejsivimperk.cz\/index.php?rest_route=%2Fwp%2Fv2%2Fcategories&post=104908"},{"taxonomy":"post_tag","embeddable":true,"href":"https:\/\/zakrasnejsivimperk.cz\/index.php?rest_route=%2Fwp%2Fv2%2Ftags&post=104908"}],"curies":[{"name":"wp","href":"https:\/\/api.w.org\/{rel}","templated":true}]}}