{"id":104851,"date":"2017-08-07T13:49:00","date_gmt":"2017-08-07T12:49:00","guid":{"rendered":"http:\/\/zakrasnejsivimperk.cz\/?p=104851"},"modified":"2017-08-07T13:49:00","modified_gmt":"2017-08-07T12:49:00","slug":"ceske-budejovice-jihocesky-kraj-rozsiri-pocet-opravovanych-silnic-diky-navyseni-dotace-ze-sfdi","status":"publish","type":"post","link":"https:\/\/zakrasnejsivimperk.cz\/?p=104851","title":{"rendered":"\u010cESK\u00c9 BUD\u011aJOVICE: Jiho\u010desk\u00fd kraj roz\u0161\u00ed\u0159\u00ed po\u010det opravovan\u00fdch silnic d\u00edky nav\u00fd\u0161en\u00ed dotace ze SFDI"},"content":{"rendered":"<p><img loading=\"lazy\" decoding=\"async\" class=\"aligncenter wp-image-104853 size-full\" src=\"http:\/\/zakrasnejsivimperk.cz\/wp-content\/uploads\/2017\/07\/31\/silnice3.jpg\" alt=\"\" width=\"911\" height=\"539\" srcset=\"https:\/\/zakrasnejsivimperk.cz\/wp-content\/uploads\/2017\/07\/31\/silnice3.jpg 911w, https:\/\/zakrasnejsivimperk.cz\/wp-content\/uploads\/2017\/07\/31\/silnice3-300x177.jpg 300w, https:\/\/zakrasnejsivimperk.cz\/wp-content\/uploads\/2017\/07\/31\/silnice3-768x454.jpg 768w, https:\/\/zakrasnejsivimperk.cz\/wp-content\/uploads\/2017\/07\/31\/silnice3-603x357.jpg 603w, https:\/\/zakrasnejsivimperk.cz\/wp-content\/uploads\/2017\/07\/31\/silnice3-816x483.jpg 816w\" sizes=\"(max-width: 911px) 100vw, 911px\" \/><\/p>\n<p>&nbsp;<\/p>\n<h6>V\u00edce ne\u017e 21 kilometr\u016f komunikac\u00ed III. t\u0159\u00edd bude moci Jiho\u010desk\u00fd kraj nov\u011b opravit d\u00edky p\u0159\u00edsp\u011bvku ze St\u00e1tn\u00edho fondu dopravn\u00ed infrastruktury (SFDI). V nejbli\u017e\u0161\u00edch dnech toti\u017e kraj obdr\u017e\u00ed 27,5 milionu korun jako kompenzaci nutn\u00e9ho nav\u00fd\u0161en\u00ed mezd \u0159idi\u010d\u016f autobus\u016f ve ve\u0159ejn\u00e9 linkov\u00e9 doprav\u011b. Pen\u00edze pou\u017eije pr\u00e1v\u011b na obnovu krajsk\u00fdch silnic.<\/h6>\n<p><em>\u201eNov\u011b budeme moci opravit silnice t\u0159et\u00edch t\u0159\u00edd na \u010ceskobud\u011bjovicku, P\u00edsecku, Strakonicku a \u010ceskokrumlovsku,&#8221;<\/em> upozornil 1. n\u00e1m\u011bstek hejtmanky Josef Knot s t\u00edm, \u017ee na \u010ceskobud\u011bjovicku se opravy do\u010dk\u00e1 nap\u0159\u00edklad \u00fasek Zv\u00edkov &#8211; Hlincov\u00e1 Hora v d\u00e9lce 4,5 kilometru, v oblasti \u010ceskokrumlovska pak jeden a p\u016fl kilometru dlouh\u00fd \u00fasek od Koz\u00e1kova mostu do Vele\u0161\u00edna, nebo t\u00e9m\u011b\u0159 \u0161est kilometr\u016f dlouh\u00fd \u00fasek mezi Brannou a V\u011btrnou. Obyvatel\u00e9 P\u00edsecka se budou moci projet po dvoukilometrov\u00e9m nov\u011b zrekonstruovan\u00e9m \u00faseku mezi Zb\u011b\u0161i\u010dkami a k\u0159i\u017eovatkou u Srl\u00edna, na Strakonicku se oprav\u00ed t\u00e9m\u011b\u0159 dva a p\u016fl kilometrov\u00fd \u00fasek z Lib\u011bjovic ke k\u0159i\u017eovatce u Hvo\u017e\u010fan. <em>\u201eDo oprav silnic II. a III. t\u0159\u00edd tak letos Jiho\u010desk\u00fd kraj investuje v\u00edce ne\u017e p\u016fl miliardy korun,&#8221;<\/em> uzav\u0159el vicehejtman.<\/p>\n<p><strong>Text a foto: (tzj\u010d)<\/strong><\/p>\n<p>&nbsp;<\/p>\n<p>&nbsp;<\/p>\n","protected":false},"excerpt":{"rendered":"<p>&nbsp; V\u00edce <\/p>\n","protected":false},"author":2,"featured_media":104853,"comment_status":"open","ping_status":"open","sticky":false,"template":"","format":"gallery","meta":{"footnotes":""},"categories":[7],"tags":[],"jetpack_featured_media_url":"https:\/\/zakrasnejsivimperk.cz\/wp-content\/uploads\/2017\/07\/31\/silnice3.jpg","_links":{"self":[{"href":"https:\/\/zakrasnejsivimperk.cz\/index.php?rest_route=\/wp\/v2\/posts\/104851"}],"collection":[{"href":"https:\/\/zakrasnejsivimperk.cz\/index.php?rest_route=\/wp\/v2\/posts"}],"about":[{"href":"https:\/\/zakrasnejsivimperk.cz\/index.php?rest_route=\/wp\/v2\/types\/post"}],"author":[{"embeddable":true,"href":"https:\/\/zakrasnejsivimperk.cz\/index.php?rest_route=\/wp\/v2\/users\/2"}],"replies":[{"embeddable":true,"href":"https:\/\/zakrasnejsivimperk.cz\/index.php?rest_route=%2Fwp%2Fv2%2Fcomments&post=104851"}],"version-history":[{"count":4,"href":"https:\/\/zakrasnejsivimperk.cz\/index.php?rest_route=\/wp\/v2\/posts\/104851\/revisions"}],"predecessor-version":[{"id":104876,"href":"https:\/\/zakrasnejsivimperk.cz\/index.php?rest_route=\/wp\/v2\/posts\/104851\/revisions\/104876"}],"wp:featuredmedia":[{"embeddable":true,"href":"https:\/\/zakrasnejsivimperk.cz\/index.php?rest_route=\/wp\/v2\/media\/104853"}],"wp:attachment":[{"href":"https:\/\/zakrasnejsivimperk.cz\/index.php?rest_route=%2Fwp%2Fv2%2Fmedia&parent=104851"}],"wp:term":[{"taxonomy":"category","embeddable":true,"href":"https:\/\/zakrasnejsivimperk.cz\/index.php?rest_route=%2Fwp%2Fv2%2Fcategories&post=104851"},{"taxonomy":"post_tag","embeddable":true,"href":"https:\/\/zakrasnejsivimperk.cz\/index.php?rest_route=%2Fwp%2Fv2%2Ftags&post=104851"}],"curies":[{"name":"wp","href":"https:\/\/api.w.org\/{rel}","templated":true}]}}