{"id":104638,"date":"2017-07-30T15:44:59","date_gmt":"2017-07-30T14:44:59","guid":{"rendered":"http:\/\/zakrasnejsivimperk.cz\/?p=104638"},"modified":"2017-07-30T15:51:29","modified_gmt":"2017-07-30T14:51:29","slug":"nebe-nad-hlavou-vikend-zahajil-serii-tropickych-teplot-ty-nas-cekaji-cely-nasledujici-tyden","status":"publish","type":"post","link":"https:\/\/zakrasnejsivimperk.cz\/?p=104638","title":{"rendered":"NEBE NAD HLAVOU: Cel\u00fd prvn\u00ed srpnov\u00fd t\u00fdden bude vpravd\u011b letn\u00ed po\u010das\u00ed. Tropick\u00e9 teploty pokra\u010duj\u00ed"},"content":{"rendered":"<p><img loading=\"lazy\" decoding=\"async\" class=\"aligncenter wp-image-100906 size-full\" src=\"http:\/\/zakrasnejsivimperk.cz\/wp-content\/uploads\/2017\/06\/18\/l\u00e9to-7.jpg\" alt=\"\" width=\"960\" height=\"644\" srcset=\"https:\/\/zakrasnejsivimperk.cz\/wp-content\/uploads\/2017\/06\/18\/l\u00e9to-7.jpg 960w, https:\/\/zakrasnejsivimperk.cz\/wp-content\/uploads\/2017\/06\/18\/l\u00e9to-7-300x201.jpg 300w, https:\/\/zakrasnejsivimperk.cz\/wp-content\/uploads\/2017\/06\/18\/l\u00e9to-7-768x515.jpg 768w, https:\/\/zakrasnejsivimperk.cz\/wp-content\/uploads\/2017\/06\/18\/l\u00e9to-7-532x357.jpg 532w, https:\/\/zakrasnejsivimperk.cz\/wp-content\/uploads\/2017\/06\/18\/l\u00e9to-7-720x483.jpg 720w\" sizes=\"(max-width: 960px) 100vw, 960px\" \/><\/p>\n<p>&nbsp;<\/p>\n<h6 class=\"entry-title\">U\u017e\u00edvejte si l\u00e9to a dovolenou pln\u00fdmi dou\u0161ky, teploty tomu budou v nov\u00e9m t\u00fddnu naklon\u011bn\u00e9.<\/h6>\n<p>V pond\u011bl\u00ed bude polojasno. No\u010dn\u00ed teploty 19 a\u017e 15 \u00b0C. Denn\u00ed teploty 30 a\u017e 34 \u00b0C. M\u00edrn\u00fd ji\u017en\u00ed v\u00edtr.<\/p>\n<p>V \u00fater\u00fd bude polojasno, odpoledne od z\u00e1padu a\u017e obla\u010dno a ojedin\u011ble p\u0159eh\u00e1\u0148ky nebo bou\u0159ky. No\u010dn\u00ed teploty 20 a\u017e 16 \u00b0C. Denn\u00ed teploty 31 a\u017e 35 \u00b0C, na v\u00fdchod\u011b 37 \u00b0C. M\u00edrn\u00fd ji\u017en\u00ed v\u00edtr.<\/p>\n<p>Ve st\u0159edu bude polojasno a\u017e obla\u010dno, ob\u010das p\u0159eh\u00e1\u0148ky nebo bou\u0159ky. No\u010dn\u00ed teploty 20 a\u017e 16 \u00b0C. Denn\u00ed teploty 29 a\u017e 33 \u00b0C. M\u00edrn\u00fd jihov\u00fdchodn\u00ed v\u00edtr.<\/p>\n<p>Ve \u010dtvrtek bude polojasno a\u017e obla\u010dno, ob\u010das p\u0159eh\u00e1\u0148ky nebo bou\u0159ky. No\u010dn\u00ed teploty 21 a\u017e 17 \u00b0C. Denn\u00ed teploty 27 a\u017e 31 \u00b0C. M\u00edrn\u00fd ji\u017en\u00ed v\u00edtr.<\/p>\n<p>V p\u00e1tek bude polojasno, ob\u010das p\u0159eh\u00e1\u0148ky nebo bou\u0159ky. No\u010dn\u00ed teploty 18 a\u017e 14 \u00b0C. Denn\u00ed teploty 28 a\u017e 32 \u00b0C. M\u00edrn\u00fd jihoz\u00e1padn\u00ed v\u00edtr.<\/p>\n<p>V sobotu bude polojasno a\u017e obla\u010dno, ob\u010das p\u0159eh\u00e1\u0148ky a bou\u0159ky. No\u010dn\u00ed teploty 20 a\u017e 16 \u00b0C. Denn\u00ed teploty 28 a\u017e 32 \u00b0C. Slab\u00fd ji\u017en\u00ed v\u00edtr.<\/p>\n<p>&nbsp;<\/p>\n<p><a href=\"http:\/\/nebenadhlavou.cz\/\" target=\"_blank\" rel=\"noopener noreferrer\"><strong>NEBE NAD HLAVOU<\/strong><\/a><\/p>\n<p>Ilustra\u010dn\u00ed foto: archiv (red) &#8211; Za kr\u00e1sn\u011bj\u0161\u00ed Vimperk<\/p>\n<p>&nbsp;<\/p>\n<p>&nbsp;<\/p>\n<p>&nbsp;<\/p>\n","protected":false},"excerpt":{"rendered":"<p>&nbsp; U\u017e\u00edvejte <\/p>\n","protected":false},"author":2,"featured_media":100906,"comment_status":"open","ping_status":"open","sticky":false,"template":"","format":"gallery","meta":{"footnotes":""},"categories":[31],"tags":[],"jetpack_featured_media_url":"https:\/\/zakrasnejsivimperk.cz\/wp-content\/uploads\/2017\/06\/18\/l\u00e9to-7.jpg","_links":{"self":[{"href":"https:\/\/zakrasnejsivimperk.cz\/index.php?rest_route=\/wp\/v2\/posts\/104638"}],"collection":[{"href":"https:\/\/zakrasnejsivimperk.cz\/index.php?rest_route=\/wp\/v2\/posts"}],"about":[{"href":"https:\/\/zakrasnejsivimperk.cz\/index.php?rest_route=\/wp\/v2\/types\/post"}],"author":[{"embeddable":true,"href":"https:\/\/zakrasnejsivimperk.cz\/index.php?rest_route=\/wp\/v2\/users\/2"}],"replies":[{"embeddable":true,"href":"https:\/\/zakrasnejsivimperk.cz\/index.php?rest_route=%2Fwp%2Fv2%2Fcomments&post=104638"}],"version-history":[{"count":7,"href":"https:\/\/zakrasnejsivimperk.cz\/index.php?rest_route=\/wp\/v2\/posts\/104638\/revisions"}],"predecessor-version":[{"id":104817,"href":"https:\/\/zakrasnejsivimperk.cz\/index.php?rest_route=\/wp\/v2\/posts\/104638\/revisions\/104817"}],"wp:featuredmedia":[{"embeddable":true,"href":"https:\/\/zakrasnejsivimperk.cz\/index.php?rest_route=\/wp\/v2\/media\/100906"}],"wp:attachment":[{"href":"https:\/\/zakrasnejsivimperk.cz\/index.php?rest_route=%2Fwp%2Fv2%2Fmedia&parent=104638"}],"wp:term":[{"taxonomy":"category","embeddable":true,"href":"https:\/\/zakrasnejsivimperk.cz\/index.php?rest_route=%2Fwp%2Fv2%2Fcategories&post=104638"},{"taxonomy":"post_tag","embeddable":true,"href":"https:\/\/zakrasnejsivimperk.cz\/index.php?rest_route=%2Fwp%2Fv2%2Ftags&post=104638"}],"curies":[{"name":"wp","href":"https:\/\/api.w.org\/{rel}","templated":true}]}}