{"id":104554,"date":"2017-07-31T10:34:53","date_gmt":"2017-07-31T09:34:53","guid":{"rendered":"http:\/\/zakrasnejsivimperk.cz\/?p=104554"},"modified":"2017-07-31T10:34:53","modified_gmt":"2017-07-31T09:34:53","slug":"radnice-informuje-dvacate-treti-zasedani-zastupitelstva-mesta-se-kona-v-pondeli-7-srpna","status":"publish","type":"post","link":"https:\/\/zakrasnejsivimperk.cz\/?p=104554","title":{"rendered":"RADNICE INFORMUJE: Dvac\u00e1t\u00e9 t\u0159et\u00ed zased\u00e1n\u00ed zastupitelstva m\u011bsta se kon\u00e1 v pond\u011bl\u00ed 7. srpna"},"content":{"rendered":"<h1 style=\"text-align: center;\">POZV\u00c1NKA<\/h1>\n<p>v souladu s ustanoven\u00edm \u00a7 103 odst. 5 z\u00e1kona \u010d. 128\/2000 Sb., o obc\u00edch, ve zn\u011bn\u00ed pozd\u011bj\u0161\u00edch p\u0159edpis\u016f, svol\u00e1v\u00e1 starosta m\u011bsta Vimperk dvac\u00e1t\u00e9 t\u0159et\u00ed zased\u00e1n\u00ed Zastupitelstva m\u011bsta Vimperk, kter\u00e9 se uskute\u010dn\u00ed <strong>v pond\u011bl\u00ed 07.08.2017 od 15:00 hodin v s\u00e1le M\u011bKS Vimperk<\/strong><\/p>\n<h6>Program<\/h6>\n<ol type=\"1\">\n<li>Zah\u00e1jen\u00ed, volba volebn\u00ed a n\u00e1vrhov\u00e9 komise<\/li>\n<li>Kontrola usnesen\u00ed<\/li>\n<li>Realizace projektu &#8220;Atletick\u00fd ov\u00e1l Vimperk&#8221;<\/li>\n<li>P\u0159ehled rozpo\u010dtov\u00fdch opat\u0159en\u00ed schv\u00e1len\u00fdch Radou m\u011bsta Vimperk<\/li>\n<li>N\u00e1vrh rozpo\u010dtov\u00fdch opat\u0159en\u00ed<\/li>\n<li>Z\u0159\u00edzen\u00ed jednotek sboru dobrovoln\u00fdch hasi\u010d\u016f<\/li>\n<li>R\u016fzn\u00e9<\/li>\n<li>Diskuse<\/li>\n<li>Z\u00e1v\u011br<\/li>\n<\/ol>\n<p>Podklady pro zased\u00e1n\u00ed zastupitelstva jsou k dispozici na\u00a0<strong><a href=\"http:\/\/www.vimperk.cz\/zastupitelstvo\" target=\"_blank\" rel=\"noopener noreferrer\">www.vimperk.cz\/zastupitelstvo<\/a><\/strong>.<\/p>\n<p>&nbsp;<\/p>\n<p>&nbsp;<\/p>\n<p>&nbsp;<\/p>\n","protected":false},"excerpt":{"rendered":"<p>POZV\u00c1NKA v <\/p>\n","protected":false},"author":2,"featured_media":0,"comment_status":"open","ping_status":"open","sticky":false,"template":"","format":"gallery","meta":{"footnotes":""},"categories":[7],"tags":[],"jetpack_featured_media_url":"","_links":{"self":[{"href":"https:\/\/zakrasnejsivimperk.cz\/index.php?rest_route=\/wp\/v2\/posts\/104554"}],"collection":[{"href":"https:\/\/zakrasnejsivimperk.cz\/index.php?rest_route=\/wp\/v2\/posts"}],"about":[{"href":"https:\/\/zakrasnejsivimperk.cz\/index.php?rest_route=\/wp\/v2\/types\/post"}],"author":[{"embeddable":true,"href":"https:\/\/zakrasnejsivimperk.cz\/index.php?rest_route=\/wp\/v2\/users\/2"}],"replies":[{"embeddable":true,"href":"https:\/\/zakrasnejsivimperk.cz\/index.php?rest_route=%2Fwp%2Fv2%2Fcomments&post=104554"}],"version-history":[{"count":1,"href":"https:\/\/zakrasnejsivimperk.cz\/index.php?rest_route=\/wp\/v2\/posts\/104554\/revisions"}],"predecessor-version":[{"id":104555,"href":"https:\/\/zakrasnejsivimperk.cz\/index.php?rest_route=\/wp\/v2\/posts\/104554\/revisions\/104555"}],"wp:attachment":[{"href":"https:\/\/zakrasnejsivimperk.cz\/index.php?rest_route=%2Fwp%2Fv2%2Fmedia&parent=104554"}],"wp:term":[{"taxonomy":"category","embeddable":true,"href":"https:\/\/zakrasnejsivimperk.cz\/index.php?rest_route=%2Fwp%2Fv2%2Fcategories&post=104554"},{"taxonomy":"post_tag","embeddable":true,"href":"https:\/\/zakrasnejsivimperk.cz\/index.php?rest_route=%2Fwp%2Fv2%2Ftags&post=104554"}],"curies":[{"name":"wp","href":"https:\/\/api.w.org\/{rel}","templated":true}]}}