{"id":104484,"date":"2017-07-27T13:55:30","date_gmt":"2017-07-27T12:55:30","guid":{"rendered":"http:\/\/zakrasnejsivimperk.cz\/?p=104484"},"modified":"2017-07-27T13:57:12","modified_gmt":"2017-07-27T12:57:12","slug":"nebe-nad-hlavou-predpoved-pocasi-na-nastavajici-vikend-udela-radost-milovnikum-tepla","status":"publish","type":"post","link":"https:\/\/zakrasnejsivimperk.cz\/?p=104484","title":{"rendered":"NEBE NAD HLAVOU: P\u0159edpov\u011b\u010f po\u010das\u00ed na tento v\u00edkend ud\u011bl\u00e1 zajist\u00e9 radost milovn\u00edk\u016fm vysok\u00fdch teplot"},"content":{"rendered":"<p><img loading=\"lazy\" decoding=\"async\" class=\"aligncenter wp-image-100901 size-full\" src=\"http:\/\/zakrasnejsivimperk.cz\/wp-content\/uploads\/2017\/06\/18\/l\u00e9to-2.jpg\" alt=\"\" width=\"960\" height=\"720\" srcset=\"https:\/\/zakrasnejsivimperk.cz\/wp-content\/uploads\/2017\/06\/18\/l\u00e9to-2.jpg 960w, https:\/\/zakrasnejsivimperk.cz\/wp-content\/uploads\/2017\/06\/18\/l\u00e9to-2-300x225.jpg 300w, https:\/\/zakrasnejsivimperk.cz\/wp-content\/uploads\/2017\/06\/18\/l\u00e9to-2-768x576.jpg 768w, https:\/\/zakrasnejsivimperk.cz\/wp-content\/uploads\/2017\/06\/18\/l\u00e9to-2-476x357.jpg 476w, https:\/\/zakrasnejsivimperk.cz\/wp-content\/uploads\/2017\/06\/18\/l\u00e9to-2-644x483.jpg 644w\" sizes=\"(max-width: 960px) 100vw, 960px\" \/><\/p>\n<p>&nbsp;<\/p>\n<h6>O v\u00edkendu se do \u010ceska nasune oblast vysok\u00e9ho tlaku vzduchu, kter\u00e1 slibuje malou obla\u010dnost a d\u00edky tepl\u00e9mu jihoz\u00e1padn\u00edmu proud\u011bn\u00ed, p\u016fjde teplota rychle nahoru. V\u00a0ned\u011bli nam\u011b\u0159\u00edme a\u017e 30 \u00b0C.<\/h6>\n<p>V sobotu bude polojasno. No\u010dn\u00ed teploty 14 a\u017e 10 \u00b0C. Denn\u00ed teploty 21 a\u017e 25 \u00b0C. M\u00edrn\u00fd severoz\u00e1padn\u00ed v\u00edtr.<\/p>\n<p>V ned\u011bli bude polojasno a\u017e obla\u010dno. No\u010dn\u00ed teploty 16 a\u017e 12 \u00b0C. Denn\u00ed teploty 26 a\u017e 30 \u00b0C. M\u00edrn\u00fd z\u00e1padn\u00ed v\u00edtr.<\/p>\n<p>&nbsp;<\/p>\n<p><a href=\"http:\/\/nebenadhlavou.cz\/\" target=\"_blank\" rel=\"noopener noreferrer\"><strong>NEBE NAD HLAVOU<\/strong><\/a><\/p>\n<p>Ilustra\u010dn\u00ed foto: archiv (red) &#8211; Za kr\u00e1sn\u011bj\u0161\u00ed Vimperk<\/p>\n<p>&nbsp;<\/p>\n<p>&nbsp;<\/p>\n<p>&nbsp;<\/p>\n","protected":false},"excerpt":{"rendered":"<p>&nbsp; O <\/p>\n","protected":false},"author":2,"featured_media":100901,"comment_status":"open","ping_status":"open","sticky":false,"template":"","format":"gallery","meta":{"footnotes":""},"categories":[31],"tags":[],"jetpack_featured_media_url":"https:\/\/zakrasnejsivimperk.cz\/wp-content\/uploads\/2017\/06\/18\/l\u00e9to-2.jpg","_links":{"self":[{"href":"https:\/\/zakrasnejsivimperk.cz\/index.php?rest_route=\/wp\/v2\/posts\/104484"}],"collection":[{"href":"https:\/\/zakrasnejsivimperk.cz\/index.php?rest_route=\/wp\/v2\/posts"}],"about":[{"href":"https:\/\/zakrasnejsivimperk.cz\/index.php?rest_route=\/wp\/v2\/types\/post"}],"author":[{"embeddable":true,"href":"https:\/\/zakrasnejsivimperk.cz\/index.php?rest_route=\/wp\/v2\/users\/2"}],"replies":[{"embeddable":true,"href":"https:\/\/zakrasnejsivimperk.cz\/index.php?rest_route=%2Fwp%2Fv2%2Fcomments&post=104484"}],"version-history":[{"count":4,"href":"https:\/\/zakrasnejsivimperk.cz\/index.php?rest_route=\/wp\/v2\/posts\/104484\/revisions"}],"predecessor-version":[{"id":104506,"href":"https:\/\/zakrasnejsivimperk.cz\/index.php?rest_route=\/wp\/v2\/posts\/104484\/revisions\/104506"}],"wp:featuredmedia":[{"embeddable":true,"href":"https:\/\/zakrasnejsivimperk.cz\/index.php?rest_route=\/wp\/v2\/media\/100901"}],"wp:attachment":[{"href":"https:\/\/zakrasnejsivimperk.cz\/index.php?rest_route=%2Fwp%2Fv2%2Fmedia&parent=104484"}],"wp:term":[{"taxonomy":"category","embeddable":true,"href":"https:\/\/zakrasnejsivimperk.cz\/index.php?rest_route=%2Fwp%2Fv2%2Fcategories&post=104484"},{"taxonomy":"post_tag","embeddable":true,"href":"https:\/\/zakrasnejsivimperk.cz\/index.php?rest_route=%2Fwp%2Fv2%2Ftags&post=104484"}],"curies":[{"name":"wp","href":"https:\/\/api.w.org\/{rel}","templated":true}]}}