{"id":10440,"date":"2015-02-26T06:58:19","date_gmt":"2015-02-26T05:58:19","guid":{"rendered":"http:\/\/zakrasnejsivimperk.cz\/?p=10440"},"modified":"2015-03-06T12:19:21","modified_gmt":"2015-03-06T11:19:21","slug":"pro-sumavsko-valna-hromada-schvalila-hlavni-zamery-spolku-pro-dalsi-obdobi","status":"publish","type":"post","link":"https:\/\/zakrasnejsivimperk.cz\/?p=10440","title":{"rendered":"PRO \u0160UMAVSKO: Valn\u00e1 hromada schv\u00e1lila hlavn\u00ed z\u00e1m\u011bry spolku pro dal\u0161\u00ed obdob\u00ed"},"content":{"rendered":"<p style=\"text-align: justify;\"><strong>V s\u00eddle firmy LIVA P\u0159edslavice, kter\u00e1 buduje ve sv\u00e9m are\u00e1lu Muzeum venkovsk\u00e9ho \u017eivota, se uskute\u010dnila valn\u00e1 hromada nov\u011b se tvo\u0159\u00edc\u00edho spolku PRO \u0160umavsko. \u00da\u010dastn\u00edci se sezn\u00e1mili s hodnocen\u00edm dosavadn\u00edch aktivit i se z\u00e1m\u011bry na dal\u0161\u00ed obdob\u00ed.<\/strong><\/p>\n<p style=\"text-align: justify;\">&#8220;Za\u010d\u00ednali jsme loni v prvn\u00ed polovin\u011b listopadu, kdy jsme spole\u010dn\u011b zasedli se zainteresovan\u00fdmi subjekty a dali dohromady na\u0161e c\u00edle a hlavn\u00ed d\u016fvody, pro\u010d spolek zakl\u00e1d\u00e1me. Je\u0161t\u011b p\u0159edt\u00edm jsme ale jednali a nasti\u0148ovali vize s podnikateli v cestovn\u00edm ruchu,&#8221; p\u0159ipomn\u011bla p\u0159edsedkyn\u011b spolku Ivana Vlkov\u00e1, kter\u00e1 je starostkou obce Chlumany.<\/p>\n<p style=\"text-align: justify;\">Letos u\u017e se spolek prost\u0159ednictv\u00edm jednoho ze zakl\u00e1daj\u00edc\u00edch \u010dlen\u016f, prachatick\u00e9ho hotelu Albatros, prezentoval na veletrhu cestovn\u00edho ruchu v Dr\u00e1\u017e\u010fanech. D\u00edky spolupr\u00e1ci s Informa\u010dn\u00edm st\u0159ediskem Prachatice se mohli zakl\u00e1daj\u00edc\u00ed \u010dlenov\u00e9 spolku z\u00fa\u010dastnit i\u00a0 veletrh\u016f REGION TOUR v Brn\u011b a HOLIDAY WORLD v Praze.<\/p>\n<p style=\"text-align: justify;\">&#8220;V sou\u010dasnosti p\u0159ipravujeme zcela nov\u00e9 internetov\u00e9 str\u00e1nky spolku, p\u0159ipravujeme propaga\u010dn\u00ed tiskoviny a m\u00e1me sestaven\u00fd pl\u00e1n akc\u00ed v regionu, p\u0159i kter\u00fdch chceme prezentovat na\u0161i \u010dinnost. Bude to nap\u0159\u00edklad Chlumansk\u00fd trh, Slavnosti soln\u00e9 Zlat\u00e9 stezky v Prachatic\u00edch i slavnosti v Husinci, Volarech a Vimperku. Po\u010d\u00edt\u00e1me tak\u00e9 s \u00fa\u010dastn\u00ed na akc\u00edch v Bavorsku,&#8221; informovala Ivana Vlkov\u00e1.<\/p>\n<p style=\"text-align: justify;\">Sou\u010d\u00e1st\u00ed valn\u00e9 hromady bylo tak\u00e9 p\u0159edstaven\u00ed nov\u00fdch \u010dlen\u016f spolku: ubytovac\u00edho za\u0159\u00edzen\u00ed Srub Malenice, Penzionu U Svat\u00e9ho Jana v Kraselov\u011b a zem\u011bd\u011blsk\u00e9ho podniku Ekochov Hoslovice, kter\u00fd se \u00a0zab\u00fdv\u00e1 agroturistikou. Mezi \u00fa\u010dastn\u00edky byli tak\u00e9 z\u00e1stupci z\u00e1jemc\u016f o \u010dlenstv\u00ed &#8211; J\u00edzd\u00e1rny Z\u00e1mek Skalice v Bohumilic\u00edch a Skupiny historick\u00e9ho \u0161ermu Berit z Vimperka. P\u0159izvan\u00ed z\u00e1stupci vimpersk\u00e9 radnice na jedn\u00e1n\u00ed nep\u0159ijeli.<\/p>\n<p style=\"text-align: justify;\"><strong>(zj)<\/strong><\/p>\n<p>&nbsp;<\/p>\n","protected":false},"excerpt":{"rendered":"<p>V s\u00eddle <\/p>\n","protected":false},"author":2,"featured_media":9802,"comment_status":"open","ping_status":"open","sticky":false,"template":"","format":"standard","meta":{"footnotes":""},"categories":[30],"tags":[],"jetpack_featured_media_url":"https:\/\/zakrasnejsivimperk.cz\/wp-content\/uploads\/2015\/02\/\u0160umavsko.jpg","_links":{"self":[{"href":"https:\/\/zakrasnejsivimperk.cz\/index.php?rest_route=\/wp\/v2\/posts\/10440"}],"collection":[{"href":"https:\/\/zakrasnejsivimperk.cz\/index.php?rest_route=\/wp\/v2\/posts"}],"about":[{"href":"https:\/\/zakrasnejsivimperk.cz\/index.php?rest_route=\/wp\/v2\/types\/post"}],"author":[{"embeddable":true,"href":"https:\/\/zakrasnejsivimperk.cz\/index.php?rest_route=\/wp\/v2\/users\/2"}],"replies":[{"embeddable":true,"href":"https:\/\/zakrasnejsivimperk.cz\/index.php?rest_route=%2Fwp%2Fv2%2Fcomments&post=10440"}],"version-history":[{"count":3,"href":"https:\/\/zakrasnejsivimperk.cz\/index.php?rest_route=\/wp\/v2\/posts\/10440\/revisions"}],"predecessor-version":[{"id":10535,"href":"https:\/\/zakrasnejsivimperk.cz\/index.php?rest_route=\/wp\/v2\/posts\/10440\/revisions\/10535"}],"wp:featuredmedia":[{"embeddable":true,"href":"https:\/\/zakrasnejsivimperk.cz\/index.php?rest_route=\/wp\/v2\/media\/9802"}],"wp:attachment":[{"href":"https:\/\/zakrasnejsivimperk.cz\/index.php?rest_route=%2Fwp%2Fv2%2Fmedia&parent=10440"}],"wp:term":[{"taxonomy":"category","embeddable":true,"href":"https:\/\/zakrasnejsivimperk.cz\/index.php?rest_route=%2Fwp%2Fv2%2Fcategories&post=10440"},{"taxonomy":"post_tag","embeddable":true,"href":"https:\/\/zakrasnejsivimperk.cz\/index.php?rest_route=%2Fwp%2Fv2%2Ftags&post=10440"}],"curies":[{"name":"wp","href":"https:\/\/api.w.org\/{rel}","templated":true}]}}