{"id":104244,"date":"2017-07-25T12:47:31","date_gmt":"2017-07-25T11:47:31","guid":{"rendered":"http:\/\/zakrasnejsivimperk.cz\/?p=104244"},"modified":"2017-07-25T12:50:52","modified_gmt":"2017-07-25T11:50:52","slug":"nebe-nad-hlavou-vyhled-pocasi-do-20-srpna-aneb-jaka-pak-si-bude-druha-polovina-prazdnin","status":"publish","type":"post","link":"https:\/\/zakrasnejsivimperk.cz\/?p=104244","title":{"rendered":"NEBE NAD HLAVOU: V\u00fdhled po\u010das\u00ed do 20. srpna aneb Jak\u00e1 pak asi bude druh\u00e1 polovina letn\u00edch pr\u00e1zdnin?"},"content":{"rendered":"<p><img loading=\"lazy\" decoding=\"async\" class=\"aligncenter wp-image-27638 size-full\" src=\"http:\/\/zakrasnejsivimperk.cz\/wp-content\/uploads\/2015\/08\/leto-vopenka.jpg\" alt=\"\" width=\"960\" height=\"640\" srcset=\"https:\/\/zakrasnejsivimperk.cz\/wp-content\/uploads\/2015\/08\/leto-vopenka.jpg 960w, https:\/\/zakrasnejsivimperk.cz\/wp-content\/uploads\/2015\/08\/leto-vopenka-300x200.jpg 300w, https:\/\/zakrasnejsivimperk.cz\/wp-content\/uploads\/2015\/08\/leto-vopenka-536x357.jpg 536w, https:\/\/zakrasnejsivimperk.cz\/wp-content\/uploads\/2015\/08\/leto-vopenka-725x483.jpg 725w\" sizes=\"(max-width: 960px) 100vw, 960px\" \/><\/p>\n<p>&nbsp;<\/p>\n<h6>Vypad\u00e1 to, \u017ee se u n\u00e1s prom\u011bnliv\u00e9mu po\u010das\u00ed zal\u00edbilo a \u017ee budeme pot\u0159ebovat jak de\u0161tn\u00edky, tak plavky.<\/h6>\n<p><strong>Obdob\u00ed do 31. \u010dervence<\/strong><\/p>\n<p>Polojasno a\u017e obla\u010dno, m\u00edsty p\u0159eh\u00e1\u0148ky nebo bou\u0159ky. Na front\u00e1ch a\u017e zata\u017eeno s\u00a0de\u0161t\u011bm nebo p\u0159eh\u00e1\u0148kami a bou\u0159ky \u010detn\u011bj\u0161\u00ed. Rann\u00ed teploty 17 a\u017e 10 \u00b0C. Denn\u00ed teploty 22 a\u017e 28 \u00b0C, p\u0159echodn\u011b 18 a\u017e 22 \u00b0C.<\/p>\n<p><strong>Obdob\u00ed od 1. do 10. srpna<\/strong><\/p>\n<p>V prvn\u00ed polovin\u011b obdob\u00ed p\u0159ev\u00e1\u017en\u011b obla\u010dno, ob\u010das d\u00e9\u0161\u0165 nebo p\u0159eh\u00e1\u0148ky, ojedin\u011ble bou\u0159ky. Ve druh\u00e9 polovin\u011b obdob\u00ed ub\u00fdv\u00e1n\u00ed obla\u010dnosti a p\u0159eh\u00e1\u0148ky jen m\u00edsty. Rann\u00ed teploty 16 a\u017e 11 \u00b0C. Denn\u00ed teploty zpo\u010d\u00e1tku obdob\u00ed 23 a\u017e 28 \u00b0C, postupn\u011b a\u017e kolem 30 \u00b0C.<\/p>\n<p><strong>Obdob\u00ed od 11. do 20. srpna<\/strong><\/p>\n<p>Polojasno a\u017e obla\u010dno, m\u00edsty p\u0159eh\u00e1\u0148ky nebo bou\u0159ky. Rann\u00ed teploty 14 a\u017e 8 \u00b0C. Denn\u00ed teploty 21 a\u017e 27 \u00b0C.<\/p>\n<p>&nbsp;<\/p>\n<p><a href=\"http:\/\/nebenadhlavou.cz\/\" target=\"_blank\" rel=\"noopener noreferrer\"><strong>NEBE NAD H\u013dAVOU<\/strong><\/a><\/p>\n<p><strong>Ilustra\u010dn\u00ed foto: Ji\u0159\u00ed VOP\u011aNKA<\/strong><\/p>\n<p><img loading=\"lazy\" decoding=\"async\" class=\"aligncenter wp-image-104245 size-full\" src=\"http:\/\/zakrasnejsivimperk.cz\/wp-content\/uploads\/2017\/07\/25\/graf-po\u010das\u00ed-250717.png\" alt=\"\" width=\"960\" height=\"261\" srcset=\"https:\/\/zakrasnejsivimperk.cz\/wp-content\/uploads\/2017\/07\/25\/graf-po\u010das\u00ed-250717.png 960w, https:\/\/zakrasnejsivimperk.cz\/wp-content\/uploads\/2017\/07\/25\/graf-po\u010das\u00ed-250717-300x82.png 300w, https:\/\/zakrasnejsivimperk.cz\/wp-content\/uploads\/2017\/07\/25\/graf-po\u010das\u00ed-250717-768x209.png 768w\" sizes=\"(max-width: 960px) 100vw, 960px\" \/><\/p>\n<h6 style=\"text-align: center;\"><a id=\"js_18l\" class=\"_hli\" href=\"https:\/\/www.facebook.com\/meteopress\/\" target=\"_blank\" rel=\"noopener noreferrer\" data-ft=\"{&quot;tn&quot;:&quot;k&quot;}\" data-hovercard=\"\/ajax\/hovercard\/page.php?id=272973163709\" data-hovercard-prefer-more-content-show=\"1\">Meteopress Online<\/a><\/h6>\n<p>&nbsp;<\/p>\n<p>&nbsp;<\/p>\n","protected":false},"excerpt":{"rendered":"<p>&nbsp; Vypad\u00e1 <\/p>\n","protected":false},"author":2,"featured_media":27638,"comment_status":"open","ping_status":"open","sticky":false,"template":"","format":"gallery","meta":{"footnotes":""},"categories":[31],"tags":[],"jetpack_featured_media_url":"https:\/\/zakrasnejsivimperk.cz\/wp-content\/uploads\/2015\/08\/leto-vopenka.jpg","_links":{"self":[{"href":"https:\/\/zakrasnejsivimperk.cz\/index.php?rest_route=\/wp\/v2\/posts\/104244"}],"collection":[{"href":"https:\/\/zakrasnejsivimperk.cz\/index.php?rest_route=\/wp\/v2\/posts"}],"about":[{"href":"https:\/\/zakrasnejsivimperk.cz\/index.php?rest_route=\/wp\/v2\/types\/post"}],"author":[{"embeddable":true,"href":"https:\/\/zakrasnejsivimperk.cz\/index.php?rest_route=\/wp\/v2\/users\/2"}],"replies":[{"embeddable":true,"href":"https:\/\/zakrasnejsivimperk.cz\/index.php?rest_route=%2Fwp%2Fv2%2Fcomments&post=104244"}],"version-history":[{"count":7,"href":"https:\/\/zakrasnejsivimperk.cz\/index.php?rest_route=\/wp\/v2\/posts\/104244\/revisions"}],"predecessor-version":[{"id":104252,"href":"https:\/\/zakrasnejsivimperk.cz\/index.php?rest_route=\/wp\/v2\/posts\/104244\/revisions\/104252"}],"wp:featuredmedia":[{"embeddable":true,"href":"https:\/\/zakrasnejsivimperk.cz\/index.php?rest_route=\/wp\/v2\/media\/27638"}],"wp:attachment":[{"href":"https:\/\/zakrasnejsivimperk.cz\/index.php?rest_route=%2Fwp%2Fv2%2Fmedia&parent=104244"}],"wp:term":[{"taxonomy":"category","embeddable":true,"href":"https:\/\/zakrasnejsivimperk.cz\/index.php?rest_route=%2Fwp%2Fv2%2Fcategories&post=104244"},{"taxonomy":"post_tag","embeddable":true,"href":"https:\/\/zakrasnejsivimperk.cz\/index.php?rest_route=%2Fwp%2Fv2%2Ftags&post=104244"}],"curies":[{"name":"wp","href":"https:\/\/api.w.org\/{rel}","templated":true}]}}