{"id":104136,"date":"2017-07-24T08:53:13","date_gmt":"2017-07-24T07:53:13","guid":{"rendered":"http:\/\/zakrasnejsivimperk.cz\/?p=104136"},"modified":"2017-07-24T08:55:09","modified_gmt":"2017-07-24T07:55:09","slug":"nebe-nad-hlavou-predpoved-pocasi-na-cely-tento-tyden-slibuje-ochlazeni-a-hodne-deste","status":"publish","type":"post","link":"https:\/\/zakrasnejsivimperk.cz\/?p=104136","title":{"rendered":"NEBE NAD HLAVOU: P\u0159edpov\u011b\u010f po\u010das\u00ed na cel\u00fd tento t\u00fdden n\u00e1m slibuje ochlazen\u00ed a hodn\u011b de\u0161t\u011b"},"content":{"rendered":"<p><img loading=\"lazy\" decoding=\"async\" class=\"aligncenter wp-image-104147 size-full\" src=\"http:\/\/zakrasnejsivimperk.cz\/wp-content\/uploads\/2017\/07\/24\/d\u00e9\u0161\u0165-5.jpg\" alt=\"\" width=\"960\" height=\"720\" srcset=\"https:\/\/zakrasnejsivimperk.cz\/wp-content\/uploads\/2017\/07\/24\/d\u00e9\u0161\u0165-5.jpg 960w, https:\/\/zakrasnejsivimperk.cz\/wp-content\/uploads\/2017\/07\/24\/d\u00e9\u0161\u0165-5-300x225.jpg 300w, https:\/\/zakrasnejsivimperk.cz\/wp-content\/uploads\/2017\/07\/24\/d\u00e9\u0161\u0165-5-768x576.jpg 768w, https:\/\/zakrasnejsivimperk.cz\/wp-content\/uploads\/2017\/07\/24\/d\u00e9\u0161\u0165-5-476x357.jpg 476w, https:\/\/zakrasnejsivimperk.cz\/wp-content\/uploads\/2017\/07\/24\/d\u00e9\u0161\u0165-5-644x483.jpg 644w\" sizes=\"(max-width: 960px) 100vw, 960px\" \/><\/p>\n<p>&nbsp;<\/p>\n<h6>Po\u010das\u00ed u n\u00e1s bude zpo\u010d\u00e1tku t\u00fddne pod vlivem oblasti n\u00edzk\u00e9ho tlaku vzduchu, tak\u017ee obla\u010dnosti i sr\u00e1\u017eek bude hodn\u011b. Nav\u00edc se bude ochlazovat \u2013 po\u010das\u00ed bude p\u0159ipom\u00ednat sp\u00ed\u0161e podzim, ne\u017e vrchol l\u00e9ta.<\/h6>\n<p>V pond\u011bl\u00ed bude polojasno a\u017e obla\u010dno, postupn\u011b od z\u00e1padu zata\u017eeno a d\u00e9\u0161\u0165, ojedin\u011ble bou\u0159ky. No\u010dn\u00ed teploty 17 a\u017e 13 \u00b0C. Denn\u00ed teploty 24 a\u017e 28 \u00b0C. M\u00edrn\u00fd severoz\u00e1padn\u00ed v\u00edtr.<\/p>\n<p>V \u00fater\u00fd bude zata\u017eeno a\u017e obla\u010dno, d\u00e9\u0161\u0165 nebo p\u0159eh\u00e1\u0148ky. No\u010dn\u00ed teploty 14 a\u017e 10 \u00b0C. Denn\u00ed teploty 14 a\u017e 18 \u00b0C. M\u00edrn\u00fd severoz\u00e1padn\u00ed v\u00edtr.<\/p>\n<p>Ve st\u0159edu bude zata\u017eeno a\u017e obla\u010dno, d\u00e9\u0161\u0165 nebo p\u0159eh\u00e1\u0148ky. No\u010dn\u00ed teploty 14 a\u017e 10 \u00b0C. Denn\u00ed teploty 18 a\u017e 22 \u00b0C. M\u00edrn\u00fd severoz\u00e1padn\u00ed v\u00edtr.<\/p>\n<p>Ve \u010dtvrtek bude obla\u010dno, ob\u010das p\u0159eh\u00e1\u0148ky. No\u010dn\u00ed teploty 14 a\u017e 10 \u00b0C. Denn\u00ed teploty 18 a\u017e 22 \u00b0C. M\u00edrn\u00fd severoz\u00e1padn\u00ed v\u00edtr.<\/p>\n<p>V p\u00e1tek bude obla\u010dno a\u017e polojasno, ob\u010das d\u00e9\u0161\u0165 nebo p\u0159eh\u00e1\u0148ky. No\u010dn\u00ed teploty 14 a\u017e 10 \u00b0C. Denn\u00ed teploty 22 a\u017e 26 \u00b0C. M\u00edrn\u00fd z\u00e1padn\u00ed v\u00edtr.<\/p>\n<p>V sobotu bude polojasno. No\u010dn\u00ed teploty 14 a\u017e 10 \u00b0C. Denn\u00ed teploty 22 a\u017e 26 \u00b0C. M\u00edrn\u00fd severoz\u00e1padn\u00ed v\u00edtr.<\/p>\n<p>V ned\u011bli bude polojasno a\u017e obla\u010dno, ob\u010das p\u0159eh\u00e1\u0148ky nebo bou\u0159ky. No\u010dn\u00ed teploty 17 a\u017e 13 \u00b0C. Denn\u00ed teploty 22 a\u017e 26 \u00b0C. M\u00edrn\u00fd jihoz\u00e1padn\u00ed v\u00edtr.<\/p>\n<p>&nbsp;<\/p>\n<p><a href=\"http:\/\/nebenadhlavou.cz\/\" target=\"_blank\" rel=\"noopener noreferrer\"><strong>NEBE NAD HLAVOU<\/strong><\/a><\/p>\n<p>Ilustra\u010dn\u00ed foto: archiv (red) &#8211; Za kr\u00e1sn\u011bj\u0161\u00ed Vimperk<\/p>\n<p>&nbsp;<\/p>\n<p>&nbsp;<\/p>\n<p>&nbsp;<\/p>\n","protected":false},"excerpt":{"rendered":"<p>&nbsp; Po\u010das\u00ed <\/p>\n","protected":false},"author":2,"featured_media":104147,"comment_status":"open","ping_status":"open","sticky":false,"template":"","format":"gallery","meta":{"footnotes":""},"categories":[31],"tags":[],"jetpack_featured_media_url":"https:\/\/zakrasnejsivimperk.cz\/wp-content\/uploads\/2017\/07\/24\/d\u00e9\u0161\u0165-5.jpg","_links":{"self":[{"href":"https:\/\/zakrasnejsivimperk.cz\/index.php?rest_route=\/wp\/v2\/posts\/104136"}],"collection":[{"href":"https:\/\/zakrasnejsivimperk.cz\/index.php?rest_route=\/wp\/v2\/posts"}],"about":[{"href":"https:\/\/zakrasnejsivimperk.cz\/index.php?rest_route=\/wp\/v2\/types\/post"}],"author":[{"embeddable":true,"href":"https:\/\/zakrasnejsivimperk.cz\/index.php?rest_route=\/wp\/v2\/users\/2"}],"replies":[{"embeddable":true,"href":"https:\/\/zakrasnejsivimperk.cz\/index.php?rest_route=%2Fwp%2Fv2%2Fcomments&post=104136"}],"version-history":[{"count":3,"href":"https:\/\/zakrasnejsivimperk.cz\/index.php?rest_route=\/wp\/v2\/posts\/104136\/revisions"}],"predecessor-version":[{"id":104151,"href":"https:\/\/zakrasnejsivimperk.cz\/index.php?rest_route=\/wp\/v2\/posts\/104136\/revisions\/104151"}],"wp:featuredmedia":[{"embeddable":true,"href":"https:\/\/zakrasnejsivimperk.cz\/index.php?rest_route=\/wp\/v2\/media\/104147"}],"wp:attachment":[{"href":"https:\/\/zakrasnejsivimperk.cz\/index.php?rest_route=%2Fwp%2Fv2%2Fmedia&parent=104136"}],"wp:term":[{"taxonomy":"category","embeddable":true,"href":"https:\/\/zakrasnejsivimperk.cz\/index.php?rest_route=%2Fwp%2Fv2%2Fcategories&post=104136"},{"taxonomy":"post_tag","embeddable":true,"href":"https:\/\/zakrasnejsivimperk.cz\/index.php?rest_route=%2Fwp%2Fv2%2Ftags&post=104136"}],"curies":[{"name":"wp","href":"https:\/\/api.w.org\/{rel}","templated":true}]}}