{"id":104014,"date":"2017-07-24T10:47:53","date_gmt":"2017-07-24T09:47:53","guid":{"rendered":"http:\/\/zakrasnejsivimperk.cz\/?p=104014"},"modified":"2017-07-24T10:49:12","modified_gmt":"2017-07-24T09:49:12","slug":"aktualne-zeleznicni-stanice-dostava-nova-okna-a-dvere-na-podzim-prijde-na-radu-oprava-nastupist","status":"publish","type":"post","link":"https:\/\/zakrasnejsivimperk.cz\/?p=104014","title":{"rendered":"AKTU\u00c1LN\u011a: \u017delezni\u010dn\u00ed stanice dost\u00e1v\u00e1 nov\u00e1 okna a dve\u0159e. Na podzim p\u0159ijde na \u0159adu oprava n\u00e1stupi\u0161\u0165"},"content":{"rendered":"<p><img loading=\"lazy\" decoding=\"async\" class=\"aligncenter wp-image-104017 size-full\" src=\"http:\/\/zakrasnejsivimperk.cz\/wp-content\/uploads\/2017\/07\/23\/\u017eelezni\u010dn\u00ed-stanice-3.jpg\" alt=\"\" width=\"800\" height=\"546\" srcset=\"https:\/\/zakrasnejsivimperk.cz\/wp-content\/uploads\/2017\/07\/23\/\u017eelezni\u010dn\u00ed-stanice-3.jpg 800w, https:\/\/zakrasnejsivimperk.cz\/wp-content\/uploads\/2017\/07\/23\/\u017eelezni\u010dn\u00ed-stanice-3-300x205.jpg 300w, https:\/\/zakrasnejsivimperk.cz\/wp-content\/uploads\/2017\/07\/23\/\u017eelezni\u010dn\u00ed-stanice-3-768x524.jpg 768w, https:\/\/zakrasnejsivimperk.cz\/wp-content\/uploads\/2017\/07\/23\/\u017eelezni\u010dn\u00ed-stanice-3-523x357.jpg 523w, https:\/\/zakrasnejsivimperk.cz\/wp-content\/uploads\/2017\/07\/23\/\u017eelezni\u010dn\u00ed-stanice-3-708x483.jpg 708w\" sizes=\"(max-width: 800px) 100vw, 800px\" \/><\/p>\n<h6 style=\"text-align: center;\">\u017delezni\u010dn\u00ed stanice Vimperk dost\u00e1v\u00e1 nov\u00e1 okna a dve\u0159e. Na podzim p\u0159ijde na \u0159adu oprava n\u00e1stupi\u0161\u0165.<\/h6>\n<h6 style=\"text-align: center;\">Text a foto: (fb) Vladislav \u0160L\u00c9GR<\/h6>\n<p><img loading=\"lazy\" decoding=\"async\" class=\"aligncenter wp-image-104015 size-full\" src=\"http:\/\/zakrasnejsivimperk.cz\/wp-content\/uploads\/2017\/07\/23\/\u017eelezni\u010dn\u00ed-stanice-1.jpg\" alt=\"\" width=\"480\" height=\"800\" srcset=\"https:\/\/zakrasnejsivimperk.cz\/wp-content\/uploads\/2017\/07\/23\/\u017eelezni\u010dn\u00ed-stanice-1.jpg 480w, https:\/\/zakrasnejsivimperk.cz\/wp-content\/uploads\/2017\/07\/23\/\u017eelezni\u010dn\u00ed-stanice-1-180x300.jpg 180w, https:\/\/zakrasnejsivimperk.cz\/wp-content\/uploads\/2017\/07\/23\/\u017eelezni\u010dn\u00ed-stanice-1-214x357.jpg 214w, https:\/\/zakrasnejsivimperk.cz\/wp-content\/uploads\/2017\/07\/23\/\u017eelezni\u010dn\u00ed-stanice-1-290x483.jpg 290w\" sizes=\"(max-width: 480px) 100vw, 480px\" \/><\/p>\n<p>&nbsp;<\/p>\n<p><img loading=\"lazy\" decoding=\"async\" class=\"aligncenter wp-image-104016 size-full\" src=\"http:\/\/zakrasnejsivimperk.cz\/wp-content\/uploads\/2017\/07\/23\/\u017eelezni\u010dn\u00ed-stanice-2.jpg\" alt=\"\" width=\"480\" height=\"800\" srcset=\"https:\/\/zakrasnejsivimperk.cz\/wp-content\/uploads\/2017\/07\/23\/\u017eelezni\u010dn\u00ed-stanice-2.jpg 480w, https:\/\/zakrasnejsivimperk.cz\/wp-content\/uploads\/2017\/07\/23\/\u017eelezni\u010dn\u00ed-stanice-2-180x300.jpg 180w, https:\/\/zakrasnejsivimperk.cz\/wp-content\/uploads\/2017\/07\/23\/\u017eelezni\u010dn\u00ed-stanice-2-214x357.jpg 214w, https:\/\/zakrasnejsivimperk.cz\/wp-content\/uploads\/2017\/07\/23\/\u017eelezni\u010dn\u00ed-stanice-2-290x483.jpg 290w\" sizes=\"(max-width: 480px) 100vw, 480px\" \/><\/p>\n<p>&nbsp;<\/p>\n<p>&nbsp;<\/p>\n<p>&nbsp;<\/p>\n","protected":false},"excerpt":{"rendered":"<p>\u017delezni\u010dn\u00ed stanice <\/p>\n","protected":false},"author":2,"featured_media":104017,"comment_status":"open","ping_status":"open","sticky":false,"template":"","format":"gallery","meta":{"footnotes":""},"categories":[7],"tags":[],"jetpack_featured_media_url":"https:\/\/zakrasnejsivimperk.cz\/wp-content\/uploads\/2017\/07\/23\/\u017eelezni\u010dn\u00ed-stanice-3.jpg","_links":{"self":[{"href":"https:\/\/zakrasnejsivimperk.cz\/index.php?rest_route=\/wp\/v2\/posts\/104014"}],"collection":[{"href":"https:\/\/zakrasnejsivimperk.cz\/index.php?rest_route=\/wp\/v2\/posts"}],"about":[{"href":"https:\/\/zakrasnejsivimperk.cz\/index.php?rest_route=\/wp\/v2\/types\/post"}],"author":[{"embeddable":true,"href":"https:\/\/zakrasnejsivimperk.cz\/index.php?rest_route=\/wp\/v2\/users\/2"}],"replies":[{"embeddable":true,"href":"https:\/\/zakrasnejsivimperk.cz\/index.php?rest_route=%2Fwp%2Fv2%2Fcomments&post=104014"}],"version-history":[{"count":5,"href":"https:\/\/zakrasnejsivimperk.cz\/index.php?rest_route=\/wp\/v2\/posts\/104014\/revisions"}],"predecessor-version":[{"id":104157,"href":"https:\/\/zakrasnejsivimperk.cz\/index.php?rest_route=\/wp\/v2\/posts\/104014\/revisions\/104157"}],"wp:featuredmedia":[{"embeddable":true,"href":"https:\/\/zakrasnejsivimperk.cz\/index.php?rest_route=\/wp\/v2\/media\/104017"}],"wp:attachment":[{"href":"https:\/\/zakrasnejsivimperk.cz\/index.php?rest_route=%2Fwp%2Fv2%2Fmedia&parent=104014"}],"wp:term":[{"taxonomy":"category","embeddable":true,"href":"https:\/\/zakrasnejsivimperk.cz\/index.php?rest_route=%2Fwp%2Fv2%2Fcategories&post=104014"},{"taxonomy":"post_tag","embeddable":true,"href":"https:\/\/zakrasnejsivimperk.cz\/index.php?rest_route=%2Fwp%2Fv2%2Ftags&post=104014"}],"curies":[{"name":"wp","href":"https:\/\/api.w.org\/{rel}","templated":true}]}}