{"id":103948,"date":"2017-07-22T07:00:30","date_gmt":"2017-07-22T06:00:30","guid":{"rendered":"http:\/\/zakrasnejsivimperk.cz\/?p=103948"},"modified":"2017-07-22T07:13:55","modified_gmt":"2017-07-22T06:13:55","slug":"nebe-nad-hlavou-bourky-se-cesku-nevyhnou-ani-v-sobotu-od-nedele-do-utery-bude-na-vetsine-uzemi-prset","status":"publish","type":"post","link":"https:\/\/zakrasnejsivimperk.cz\/?p=103948","title":{"rendered":"NEBE NAD HLAVOU: Bou\u0159ky se \u010cesku nevyhnou ani v sobotu. Od ned\u011ble do \u00fater\u00fd bude na v\u011bt\u0161in\u011b \u00fazem\u00ed pr\u0161et"},"content":{"rendered":"<p><img loading=\"lazy\" decoding=\"async\" class=\"aligncenter wp-image-103949 size-full\" src=\"http:\/\/zakrasnejsivimperk.cz\/wp-content\/uploads\/2017\/07\/22\/mapa-po\u010das\u00ed-220717.png\" alt=\"\" width=\"800\" height=\"600\" srcset=\"https:\/\/zakrasnejsivimperk.cz\/wp-content\/uploads\/2017\/07\/22\/mapa-po\u010das\u00ed-220717.png 800w, https:\/\/zakrasnejsivimperk.cz\/wp-content\/uploads\/2017\/07\/22\/mapa-po\u010das\u00ed-220717-300x225.png 300w, https:\/\/zakrasnejsivimperk.cz\/wp-content\/uploads\/2017\/07\/22\/mapa-po\u010das\u00ed-220717-768x576.png 768w, https:\/\/zakrasnejsivimperk.cz\/wp-content\/uploads\/2017\/07\/22\/mapa-po\u010das\u00ed-220717-476x357.png 476w, https:\/\/zakrasnejsivimperk.cz\/wp-content\/uploads\/2017\/07\/22\/mapa-po\u010das\u00ed-220717-644x483.png 644w\" sizes=\"(max-width: 800px) 100vw, 800px\" \/><\/p>\n<p style=\"text-align: center;\"><strong><a id=\"js_1od\" class=\"_hli\" href=\"https:\/\/www.facebook.com\/meteopress\/\" target=\"_blank\" rel=\"noopener noreferrer\" data-ft=\"{&quot;tn&quot;:&quot;k&quot;}\" data-hovercard=\"\/ajax\/hovercard\/page.php?id=272973163709\" data-hovercard-prefer-more-content-show=\"1\">Meteopress Online<\/a><\/strong><\/p>\n<p>&nbsp;<\/p>\n<h6 class=\"entry-title\"><a title=\"NEBE NAD HLAVOU: M\u00e1me p\u0159ed sebou tepl\u00fd v\u00edkend, nicm\u00e9n\u011b bez de\u0161tn\u00edk\u016f se podle v\u0161eho neobejdeme\" href=\"http:\/\/zakrasnejsivimperk.cz\/?p=103795\" target=\"_blank\" rel=\"bookmark noopener noreferrer\">NEBE NAD HLAVOU: M\u00e1me p\u0159ed sebou tepl\u00fd v\u00edkend, nicm\u00e9n\u011b bez de\u0161tn\u00edk\u016f se podle v\u0161eho neobejdeme<\/a><\/h6>\n<h6 class=\"entry-title\"><a title=\"NEBE NAD HLAVOU: Video p\u0159edpov\u011b\u010f Meteopress Online prozrad\u00ed, jak\u00e9 po\u010das\u00ed by m\u011blo b\u00fdt o tomto v\u00edkendu\" href=\"http:\/\/zakrasnejsivimperk.cz\/?p=103887\" target=\"_blank\" rel=\"bookmark noopener noreferrer\">NEBE NAD HLAVOU: Video p\u0159edpov\u011b\u010f Meteopress Online prozrad\u00ed, jak\u00e9 po\u010das\u00ed by m\u011blo b\u00fdt o tomto v\u00edkendu<\/a><\/h6>\n<p>&nbsp;<\/p>\n<p>&nbsp;<\/p>\n<p>&nbsp;<\/p>\n","protected":false},"excerpt":{"rendered":"<p>Meteopress Online <\/p>\n","protected":false},"author":2,"featured_media":103949,"comment_status":"open","ping_status":"open","sticky":false,"template":"","format":"gallery","meta":{"footnotes":""},"categories":[31],"tags":[],"jetpack_featured_media_url":"https:\/\/zakrasnejsivimperk.cz\/wp-content\/uploads\/2017\/07\/22\/mapa-po\u010das\u00ed-220717.png","_links":{"self":[{"href":"https:\/\/zakrasnejsivimperk.cz\/index.php?rest_route=\/wp\/v2\/posts\/103948"}],"collection":[{"href":"https:\/\/zakrasnejsivimperk.cz\/index.php?rest_route=\/wp\/v2\/posts"}],"about":[{"href":"https:\/\/zakrasnejsivimperk.cz\/index.php?rest_route=\/wp\/v2\/types\/post"}],"author":[{"embeddable":true,"href":"https:\/\/zakrasnejsivimperk.cz\/index.php?rest_route=\/wp\/v2\/users\/2"}],"replies":[{"embeddable":true,"href":"https:\/\/zakrasnejsivimperk.cz\/index.php?rest_route=%2Fwp%2Fv2%2Fcomments&post=103948"}],"version-history":[{"count":3,"href":"https:\/\/zakrasnejsivimperk.cz\/index.php?rest_route=\/wp\/v2\/posts\/103948\/revisions"}],"predecessor-version":[{"id":103953,"href":"https:\/\/zakrasnejsivimperk.cz\/index.php?rest_route=\/wp\/v2\/posts\/103948\/revisions\/103953"}],"wp:featuredmedia":[{"embeddable":true,"href":"https:\/\/zakrasnejsivimperk.cz\/index.php?rest_route=\/wp\/v2\/media\/103949"}],"wp:attachment":[{"href":"https:\/\/zakrasnejsivimperk.cz\/index.php?rest_route=%2Fwp%2Fv2%2Fmedia&parent=103948"}],"wp:term":[{"taxonomy":"category","embeddable":true,"href":"https:\/\/zakrasnejsivimperk.cz\/index.php?rest_route=%2Fwp%2Fv2%2Fcategories&post=103948"},{"taxonomy":"post_tag","embeddable":true,"href":"https:\/\/zakrasnejsivimperk.cz\/index.php?rest_route=%2Fwp%2Fv2%2Ftags&post=103948"}],"curies":[{"name":"wp","href":"https:\/\/api.w.org\/{rel}","templated":true}]}}