{"id":103929,"date":"2017-07-22T19:55:39","date_gmt":"2017-07-22T18:55:39","guid":{"rendered":"http:\/\/zakrasnejsivimperk.cz\/?p=103929"},"modified":"2017-07-24T06:56:50","modified_gmt":"2017-07-24T05:56:50","slug":"nebe-nad-hlavou-hned-na-zacatku-pristiho-tydne-nam-prijdou-vhod-destniky-srazky-budou-misty-i-vydatne","status":"publish","type":"post","link":"https:\/\/zakrasnejsivimperk.cz\/?p=103929","title":{"rendered":"NEBE NAD HLAVOU: Za\u010d\u00e1tek t\u00fddne p\u0159inese m\u00edsty i vydatn\u00e9 sr\u00e1\u017eky. P\u0159ibalte do ta\u0161ky de\u0161tn\u00edky a pl\u00e1\u0161t\u011bnky"},"content":{"rendered":"<p><img loading=\"lazy\" decoding=\"async\" class=\"aligncenter wp-image-103930 size-full\" src=\"http:\/\/zakrasnejsivimperk.cz\/wp-content\/uploads\/2017\/07\/21\/graf-po\u010das\u00ed-210717.png\" alt=\"\" width=\"1100\" height=\"300\" srcset=\"https:\/\/zakrasnejsivimperk.cz\/wp-content\/uploads\/2017\/07\/21\/graf-po\u010das\u00ed-210717.png 1100w, https:\/\/zakrasnejsivimperk.cz\/wp-content\/uploads\/2017\/07\/21\/graf-po\u010das\u00ed-210717-300x82.png 300w, https:\/\/zakrasnejsivimperk.cz\/wp-content\/uploads\/2017\/07\/21\/graf-po\u010das\u00ed-210717-768x209.png 768w, https:\/\/zakrasnejsivimperk.cz\/wp-content\/uploads\/2017\/07\/21\/graf-po\u010das\u00ed-210717-1024x279.png 1024w\" sizes=\"(max-width: 1100px) 100vw, 1100px\" \/><\/p>\n<h6 style=\"text-align: center;\"><a id=\"js_18f\" class=\"_hli\" href=\"https:\/\/www.facebook.com\/meteopress\/\" target=\"_blank\" rel=\"noopener noreferrer\" data-ft=\"{&quot;tn&quot;:&quot;k&quot;}\" data-hovercard=\"\/ajax\/hovercard\/page.php?id=272973163709\" data-hovercard-prefer-more-content-show=\"1\">Meteopress Online<\/a><\/h6>\n<p>&nbsp;<\/p>\n<h6 style=\"text-align: center;\">V pond\u011bl\u00ed bude p\u0159es \u010cesko p\u0159ech\u00e1zet front\u00e1ln\u00ed vlna, kter\u00e1 postupn\u011b p\u0159inese na v\u011bt\u0161inu \u00fazem\u00ed d\u00e9\u0161\u0165.<\/h6>\n<p><img loading=\"lazy\" decoding=\"async\" class=\"aligncenter wp-image-104138 size-full\" src=\"http:\/\/zakrasnejsivimperk.cz\/wp-content\/uploads\/2017\/07\/22\/mapa-po\u010das\u00ed-240717.png\" alt=\"\" width=\"800\" height=\"600\" srcset=\"https:\/\/zakrasnejsivimperk.cz\/wp-content\/uploads\/2017\/07\/22\/mapa-po\u010das\u00ed-240717.png 800w, https:\/\/zakrasnejsivimperk.cz\/wp-content\/uploads\/2017\/07\/22\/mapa-po\u010das\u00ed-240717-300x225.png 300w, https:\/\/zakrasnejsivimperk.cz\/wp-content\/uploads\/2017\/07\/22\/mapa-po\u010das\u00ed-240717-768x576.png 768w, https:\/\/zakrasnejsivimperk.cz\/wp-content\/uploads\/2017\/07\/22\/mapa-po\u010das\u00ed-240717-476x357.png 476w, https:\/\/zakrasnejsivimperk.cz\/wp-content\/uploads\/2017\/07\/22\/mapa-po\u010das\u00ed-240717-644x483.png 644w\" sizes=\"(max-width: 800px) 100vw, 800px\" \/><\/p>\n<p>&nbsp;<\/p>\n<h6 style=\"text-align: center;\">V \u00fater\u00fd se budou odpoledn\u00ed teploty pohybovat jen mezi 17 a\u017e 21 \u00b0C.<\/h6>\n<p><img loading=\"lazy\" decoding=\"async\" class=\"aligncenter wp-image-104081 size-full\" src=\"http:\/\/zakrasnejsivimperk.cz\/wp-content\/uploads\/2017\/07\/22\/mapa-po\u010das\u00ed-230717.png\" alt=\"\" width=\"800\" height=\"600\" srcset=\"https:\/\/zakrasnejsivimperk.cz\/wp-content\/uploads\/2017\/07\/22\/mapa-po\u010das\u00ed-230717.png 800w, https:\/\/zakrasnejsivimperk.cz\/wp-content\/uploads\/2017\/07\/22\/mapa-po\u010das\u00ed-230717-300x225.png 300w, https:\/\/zakrasnejsivimperk.cz\/wp-content\/uploads\/2017\/07\/22\/mapa-po\u010das\u00ed-230717-768x576.png 768w, https:\/\/zakrasnejsivimperk.cz\/wp-content\/uploads\/2017\/07\/22\/mapa-po\u010das\u00ed-230717-476x357.png 476w, https:\/\/zakrasnejsivimperk.cz\/wp-content\/uploads\/2017\/07\/22\/mapa-po\u010das\u00ed-230717-644x483.png 644w\" sizes=\"(max-width: 800px) 100vw, 800px\" \/><\/p>\n<p>&nbsp;<\/p>\n<p>&nbsp;<\/p>\n","protected":false},"excerpt":{"rendered":"<p>Meteopress Online <\/p>\n","protected":false},"author":2,"featured_media":104081,"comment_status":"open","ping_status":"open","sticky":false,"template":"","format":"gallery","meta":{"footnotes":""},"categories":[31],"tags":[],"jetpack_featured_media_url":"https:\/\/zakrasnejsivimperk.cz\/wp-content\/uploads\/2017\/07\/22\/mapa-po\u010das\u00ed-230717.png","_links":{"self":[{"href":"https:\/\/zakrasnejsivimperk.cz\/index.php?rest_route=\/wp\/v2\/posts\/103929"}],"collection":[{"href":"https:\/\/zakrasnejsivimperk.cz\/index.php?rest_route=\/wp\/v2\/posts"}],"about":[{"href":"https:\/\/zakrasnejsivimperk.cz\/index.php?rest_route=\/wp\/v2\/types\/post"}],"author":[{"embeddable":true,"href":"https:\/\/zakrasnejsivimperk.cz\/index.php?rest_route=\/wp\/v2\/users\/2"}],"replies":[{"embeddable":true,"href":"https:\/\/zakrasnejsivimperk.cz\/index.php?rest_route=%2Fwp%2Fv2%2Fcomments&post=103929"}],"version-history":[{"count":17,"href":"https:\/\/zakrasnejsivimperk.cz\/index.php?rest_route=\/wp\/v2\/posts\/103929\/revisions"}],"predecessor-version":[{"id":104142,"href":"https:\/\/zakrasnejsivimperk.cz\/index.php?rest_route=\/wp\/v2\/posts\/103929\/revisions\/104142"}],"wp:featuredmedia":[{"embeddable":true,"href":"https:\/\/zakrasnejsivimperk.cz\/index.php?rest_route=\/wp\/v2\/media\/104081"}],"wp:attachment":[{"href":"https:\/\/zakrasnejsivimperk.cz\/index.php?rest_route=%2Fwp%2Fv2%2Fmedia&parent=103929"}],"wp:term":[{"taxonomy":"category","embeddable":true,"href":"https:\/\/zakrasnejsivimperk.cz\/index.php?rest_route=%2Fwp%2Fv2%2Fcategories&post=103929"},{"taxonomy":"post_tag","embeddable":true,"href":"https:\/\/zakrasnejsivimperk.cz\/index.php?rest_route=%2Fwp%2Fv2%2Ftags&post=103929"}],"curies":[{"name":"wp","href":"https:\/\/api.w.org\/{rel}","templated":true}]}}