{"id":103890,"date":"2017-07-27T16:36:23","date_gmt":"2017-07-27T15:36:23","guid":{"rendered":"http:\/\/zakrasnejsivimperk.cz\/?p=103890"},"modified":"2017-07-27T16:39:37","modified_gmt":"2017-07-27T15:39:37","slug":"ceske-budejovice-jihocesky-kraj-se-stane-chytrym-regionem-cilem-jsou-uspory-a-ochrana-zivotniho-prostredi","status":"publish","type":"post","link":"https:\/\/zakrasnejsivimperk.cz\/?p=103890","title":{"rendered":"\u010c. BUD\u011aJOVICE: J\u010d. kraj bude chytr\u00fdm regionem. C\u00edlem jsou \u00faspory a tak\u00e9 ochrana \u017eivotn\u00edho prost\u0159ed\u00ed"},"content":{"rendered":"<p><img loading=\"lazy\" decoding=\"async\" class=\"aligncenter wp-image-103891 size-full\" src=\"http:\/\/zakrasnejsivimperk.cz\/wp-content\/uploads\/2017\/07\/21\/kraj-podpis-smlouvy.jpg\" alt=\"\" width=\"955\" height=\"560\" srcset=\"https:\/\/zakrasnejsivimperk.cz\/wp-content\/uploads\/2017\/07\/21\/kraj-podpis-smlouvy.jpg 955w, https:\/\/zakrasnejsivimperk.cz\/wp-content\/uploads\/2017\/07\/21\/kraj-podpis-smlouvy-300x176.jpg 300w, https:\/\/zakrasnejsivimperk.cz\/wp-content\/uploads\/2017\/07\/21\/kraj-podpis-smlouvy-768x450.jpg 768w, https:\/\/zakrasnejsivimperk.cz\/wp-content\/uploads\/2017\/07\/21\/kraj-podpis-smlouvy-609x357.jpg 609w, https:\/\/zakrasnejsivimperk.cz\/wp-content\/uploads\/2017\/07\/21\/kraj-podpis-smlouvy-824x483.jpg 824w\" sizes=\"(max-width: 955px) 100vw, 955px\" \/><\/p>\n<p>&nbsp;<\/p>\n<h6>Spole\u010dnost \u010cEZ ESCO, kter\u00e1 se zam\u011b\u0159uje na chytr\u00e1 energetick\u00e1 \u0159e\u0161en\u00ed pro firmy obce a ve\u0159ejn\u00e9 instituce, a Jiho\u010desk\u00fd kraj podepsali vz\u00e1jemn\u00e9 memorandum o spolupr\u00e1ci. Stali se tak partnery iniciativy Smart Region Ji\u017en\u00ed \u010cechy. C\u00edlem jsou \u00faspory a ochrana \u017eivotn\u00edho prost\u0159ed\u00ed.<\/h6>\n<p><em>\u201eChceme maxim\u00e1ln\u011b vyu\u017e\u00edt v\u0161echny p\u0159\u00edle\u017eitosti, kter\u00e9 n\u00e1\u0161 kraj nab\u00edz\u00ed. Chytr\u00e9 technologie umo\u017e\u0148uj\u00ed spo\u0159it ve\u0159ejn\u00e9 prost\u0159edky, p\u0159edev\u0161\u00edm ale zlep\u0161uj\u00ed prost\u0159ed\u00ed, ve kter\u00e9m v\u0161ichni \u017eijeme. Omezuj\u00ed emise, hluk a naopak zkvalit\u0148uj\u00ed \u00farove\u0148 poskytovan\u00fdch slu\u017eeb,&#8221; \u0159\u00edk\u00e1 o projektu hejtmanka Jiho\u010desk\u00e9ho kraje Ivana Str\u00e1sk\u00e1.<\/em><\/p>\n<p>\u010cEZ ESCO bude spolupracovat na chytr\u00fdch \u0159e\u0161en\u00edch, kter\u00e1 se t\u00fdkaj\u00ed energetiky, a spole\u010dn\u011b s krajem zav\u00e1d\u011bt technologie vedouc\u00ed k rozvoji modern\u00ed energetick\u00e9 infrastruktury v Ji\u017en\u00edch \u010cech\u00e1ch.<\/p>\n<p><em>\u201eJiho\u010desk\u00e9mu kraji chceme nab\u00eddnout \u0159adu osv\u011bd\u010den\u00fdch chytr\u00fdch energetick\u00fdch \u0159e\u0161en\u00ed, kter\u00e1 za\u010dneme systematicky uv\u00e1d\u011bt do praxe,&#8221; \u0159\u00edk\u00e1 gener\u00e1ln\u00ed \u0159editel \u010cEZ ESCO Kamil \u010cerm\u00e1k. \u201eV prvn\u00ed vln\u011b se chceme zam\u011b\u0159it na elektromobilitu a na identifikaci vhodn\u00fdch krajsk\u00fdch budov pro projekty energetick\u00fdch \u00faspor.&#8221;<\/em><\/p>\n<p>Konkr\u00e9tn\u011b p\u016fjde o takzvan\u00e9 EPC projekty, zam\u011b\u0159en\u00e9 p\u0159edev\u0161\u00edm na energetick\u00e9 \u00faspory. Ty zahrnuj\u00ed v\u0161e, od n\u00e1vrhu, p\u0159es nap\u0159\u00edklad stavebn\u00ed \u00fapravy, technologick\u00e9 renovace (instalace zdroj\u016f s vy\u0161\u0161\u00ed \u00fa\u010dinnost\u00ed, sn\u00ed\u017een\u00ed ztr\u00e1t v distribuci tepla) a\u017e po sledov\u00e1n\u00ed a poskytov\u00e1n\u00ed servisu. Pro kraj, m\u011bsta, obce a ve\u0159ejn\u00e9 instituce je p\u0159itom kl\u00ed\u010dov\u00e9, \u017ee se v\u016fbec nemus\u00ed dotknout jejich pen\u011b\u017eenek. Ve v\u011bt\u0161in\u011b p\u0159\u00edpad\u016f je toti\u017e mo\u017en\u00e9 spl\u00e1cet investice z dosa\u017een\u00fdch \u00faspor. Projekty jsou realizov\u00e1ny na kl\u00ed\u010d a v\u00fd\u0161e \u00faspor, kter\u00e1 se obvykle pohybuje od 15 do 50 procent, je nav\u00edc garantov\u00e1na p\u0159\u00edmo ve smlouv\u011b.<\/p>\n<p>\u010cEZ ESCO nyn\u00ed sleduje spot\u0159ebu a navrhuje \u00faspory pro 297 objekt\u016f, mezi nejzn\u00e1m\u011bj\u0161\u00ed pat\u0159\u00ed nap\u0159\u00edklad N\u00e1rodn\u00ed divadlo, Rudolfinum, Kongresov\u00e9 centrum v Praze nebo \u0159ada nemocnic a \u0161kol.<\/p>\n<p>V p\u0159\u00edpad\u011b elektromobility se vz\u00e1jemn\u00e1 spolupr\u00e1ce zam\u011b\u0159\u00ed na vypracov\u00e1n\u00ed strategie pro Jiho\u010desk\u00fd kraj, v\u010detn\u011b v\u00fdstavby s\u00edt\u011b dob\u00edjec\u00edch stanic a podpory vyu\u017e\u00edv\u00e1n\u00ed elektromobil\u016f organizacemi na \u00fazem\u00ed kraje. V sou\u010dasnosti vyu\u017e\u00edv\u00e1 formou z\u00e1p\u016fj\u010dky t\u0159i elektromobily od \u010cEZ Spr\u00e1va N\u00e1rodn\u00edho parku \u0160umava. S v\u00fdstavbou dob\u00edjec\u00edch stanic pro elektromobily \u010cEZ po\u010d\u00edt\u00e1 na hlavn\u00edch silni\u010dn\u00edch taz\u00edch i v lokalit\u00e1ch zaj\u00edmav\u00fdch pro turisty.<\/p>\n<p><em>\u201eJiho\u010desk\u00fd kraj se chce na rozvoj elektomobility zam\u011b\u0159it a pr\u00e1v\u011b \u010cEZ je v t\u00e9to oblasti velmi aktivn\u00edm hr\u00e1\u010dem,&#8221; uvedl 1. n\u00e1m\u011bstek hejtmanky Josef Knot, podle n\u011bho\u017e bude moci kraj vyu\u017e\u00edt zku\u0161enosti spole\u010dnosti \u010cEZ p\u0159i vytvo\u0159en\u00ed funguj\u00edc\u00ed infrastruktury dob\u00edjec\u00edch stanic. Vicehejtman d\u00e1le upozornil, \u017ee dle v\u00fdvoje v automobilov\u00e9m pr\u016fmyslu se d\u00e1 o\u010dek\u00e1vat dal\u0161\u00ed roz\u0161i\u0159ov\u00e1n\u00ed elektromobil\u016f a Jiho\u010desk\u00fd kraj mus\u00ed b\u00fdt na tento trend p\u0159ipraven.<\/em><\/p>\n<p><em>\u201eNejen kv\u016fli Temel\u00ednu pat\u0159\u00ed ji\u017en\u00ed \u010cechy mezi kraje, kter\u00e9 jsou pro n\u00e1s velmi d\u016fle\u017eit\u00e9. Na\u0161e zapojen\u00ed je tak logick\u00e9. Hlavn\u00ed je, \u017ee u\u017eitek z toho budou m\u00edt zdej\u0161\u00ed obyvatel\u00e9,&#8221; dopl\u0148uje Bohdan Zronek, \u010dlen p\u0159edstavenstva a \u0159editel Divize jadern\u00e1 energetika Skupiny \u010cEZ.<\/em><\/p>\n<p><strong>O Smart Region ji\u017en\u00ed \u010cechy:<\/strong><br \/>\nC\u00edlem Komise Smart Region ji\u017en\u00ed \u010cechy je rozvoj konceptu Smart City v Jiho\u010desk\u00e9m kraji. Sna\u017e\u00ed se o vytvo\u0159en\u00ed strategick\u00e9ho konsorcia kl\u00ed\u010dov\u00fdch partner\u016f, anal\u00fdzu kl\u00ed\u010dov\u00fdch oblast\u00ed regionu pro rozvoj Smart City a vytvo\u0159en\u00ed koncep\u010dn\u00edho a technologick\u00e9ho, prost\u0159ed\u00ed podporuj\u00edc\u00edho vznik a realizaci pilotn\u00edch projekt\u016f, formovan\u00fdch na z\u00e1klad\u011b spole\u010dn\u00e9 strategie a v synergii v\u0161ech zapojen\u00fdch \u010dlen\u016f clusteru a partner\u016f.<\/p>\n<p>&nbsp;<\/p>\n<p><strong>O \u010cEZ ESCO:<\/strong><\/p>\n<p>Spole\u010dnost \u010cEZ ESCO (Energy Service Company) poskytuje energetick\u00e1 \u0159e\u0161en\u00ed pro velk\u00e9 korporace, mal\u00e9 a st\u0159edn\u00ed podniky i ve\u0159ejnou spr\u00e1vu. P\u016fsob\u00ed v \u010cesk\u00e9 republice a na Slovensku a sv\u00e9 slu\u017eby roz\u0161i\u0159uje i do dal\u0161\u00edch evropsk\u00fdch zem\u00ed. \u010cEZ ESCO se specializuje na komplexn\u00ed energetick\u00e9 slu\u017eby \u0161it\u00e9 na m\u00edru specifick\u00fdm pot\u0159eb\u00e1m z\u00e1kazn\u00edk\u016f, a\u0165 u\u017e jde nap\u0159. o instalaci nebo provoz lok\u00e1ln\u00edho energetick\u00e9ho zdroje, distribu\u010dn\u00ed s\u00edt\u011b, energetick\u00fd audit, realizaci a provoz osv\u011btlen\u00ed, nebo celkovou modernizaci energetiky provozu.<\/p>\n<p>&nbsp;<\/p>\n<p><strong>Text a foto: Petr \u0160ULE\u0158, mluv\u010d\u00ed \u010cEZ\u00a0<\/strong><\/p>\n<p>&nbsp;<\/p>\n<p>&nbsp;<\/p>\n","protected":false},"excerpt":{"rendered":"<p>&nbsp; Spole\u010dnost <\/p>\n","protected":false},"author":2,"featured_media":103891,"comment_status":"open","ping_status":"open","sticky":false,"template":"","format":"gallery","meta":{"footnotes":""},"categories":[7],"tags":[],"jetpack_featured_media_url":"https:\/\/zakrasnejsivimperk.cz\/wp-content\/uploads\/2017\/07\/21\/kraj-podpis-smlouvy.jpg","_links":{"self":[{"href":"https:\/\/zakrasnejsivimperk.cz\/index.php?rest_route=\/wp\/v2\/posts\/103890"}],"collection":[{"href":"https:\/\/zakrasnejsivimperk.cz\/index.php?rest_route=\/wp\/v2\/posts"}],"about":[{"href":"https:\/\/zakrasnejsivimperk.cz\/index.php?rest_route=\/wp\/v2\/types\/post"}],"author":[{"embeddable":true,"href":"https:\/\/zakrasnejsivimperk.cz\/index.php?rest_route=\/wp\/v2\/users\/2"}],"replies":[{"embeddable":true,"href":"https:\/\/zakrasnejsivimperk.cz\/index.php?rest_route=%2Fwp%2Fv2%2Fcomments&post=103890"}],"version-history":[{"count":6,"href":"https:\/\/zakrasnejsivimperk.cz\/index.php?rest_route=\/wp\/v2\/posts\/103890\/revisions"}],"predecessor-version":[{"id":104517,"href":"https:\/\/zakrasnejsivimperk.cz\/index.php?rest_route=\/wp\/v2\/posts\/103890\/revisions\/104517"}],"wp:featuredmedia":[{"embeddable":true,"href":"https:\/\/zakrasnejsivimperk.cz\/index.php?rest_route=\/wp\/v2\/media\/103891"}],"wp:attachment":[{"href":"https:\/\/zakrasnejsivimperk.cz\/index.php?rest_route=%2Fwp%2Fv2%2Fmedia&parent=103890"}],"wp:term":[{"taxonomy":"category","embeddable":true,"href":"https:\/\/zakrasnejsivimperk.cz\/index.php?rest_route=%2Fwp%2Fv2%2Fcategories&post=103890"},{"taxonomy":"post_tag","embeddable":true,"href":"https:\/\/zakrasnejsivimperk.cz\/index.php?rest_route=%2Fwp%2Fv2%2Ftags&post=103890"}],"curies":[{"name":"wp","href":"https:\/\/api.w.org\/{rel}","templated":true}]}}