{"id":103875,"date":"2017-07-21T07:02:15","date_gmt":"2017-07-21T06:02:15","guid":{"rendered":"http:\/\/zakrasnejsivimperk.cz\/?p=103875"},"modified":"2017-07-21T07:04:09","modified_gmt":"2017-07-21T06:04:09","slug":"cesky-rozhlas-byvala-ministryne-zuzana-roithova-bude-v-predstavenstvech-vsech-jihoceskych-nemocnic","status":"publish","type":"post","link":"https:\/\/zakrasnejsivimperk.cz\/?p=103875","title":{"rendered":"\u010cESK\u00dd ROZHLAS: B\u00fdval\u00e1 ministryn\u011b Zuzana Roithov\u00e1 je v p\u0159edstavenstvech v\u0161ech jiho\u010desk\u00fdch nemocnic"},"content":{"rendered":"<p><img loading=\"lazy\" decoding=\"async\" class=\"aligncenter wp-image-103877 size-full\" src=\"http:\/\/zakrasnejsivimperk.cz\/wp-content\/uploads\/2017\/07\/21\/Zuzana-Roithov\u00e1.jpg\" alt=\"\" width=\"630\" height=\"380\" srcset=\"https:\/\/zakrasnejsivimperk.cz\/wp-content\/uploads\/2017\/07\/21\/Zuzana-Roithov\u00e1.jpg 630w, https:\/\/zakrasnejsivimperk.cz\/wp-content\/uploads\/2017\/07\/21\/Zuzana-Roithov\u00e1-300x181.jpg 300w, https:\/\/zakrasnejsivimperk.cz\/wp-content\/uploads\/2017\/07\/21\/Zuzana-Roithov\u00e1-592x357.jpg 592w\" sizes=\"(max-width: 630px) 100vw, 630px\" \/><\/p>\n<p style=\"text-align: center;\"><a href=\"http:\/\/ceskobudejovicky.denik.cz\/\" target=\"_blank\" rel=\"noopener noreferrer\">Foto: \u010ceskobud\u011bjovick\u00fd den\u00edk<\/a><\/p>\n<h6><img loading=\"lazy\" decoding=\"async\" class=\"size-full wp-image-96512 alignright\" src=\"http:\/\/zakrasnejsivimperk.cz\/wp-content\/uploads\/2017\/04\/30\/rozhlas-cb-male-logo.jpg\" alt=\"\" width=\"243\" height=\"136\" \/>Rada Jiho\u010desk\u00e9ho kraje zvolila b\u00fdvalou ministryni zdravotnictv\u00ed Zuzanu Roithovou do veden\u00ed jiho\u010desk\u00fdch nemocnic. Umo\u017enila to zm\u011bna z\u00e1kona, podle kter\u00e9 o veden\u00ed spole\u010dnost\u00ed m\u016f\u017ee rozhodovat rada kraje, pokud je kraj stoprocentn\u00edm vlastn\u00edkem.<\/h6>\n<h4><a href=\"http:\/\/www.rozhlas.cz\/cb\/zpravodajstvi\/_zprava\/byvala-ministryne-zuzana-roithova-bude-v-predstavenstvech-vsech-jihoceskych-nemocnic--1742543\" target=\"_blank\" rel=\"noopener noreferrer\">CEL\u00dd \u010cL\u00c1NEK<\/a><\/h4>\n<p>&nbsp;<\/p>\n<p>&nbsp;<\/p>\n","protected":false},"excerpt":{"rendered":"<p>Foto: \u010ceskobud\u011bjovick\u00fd <\/p>\n","protected":false},"author":2,"featured_media":103877,"comment_status":"open","ping_status":"open","sticky":false,"template":"","format":"gallery","meta":{"footnotes":""},"categories":[7],"tags":[],"jetpack_featured_media_url":"https:\/\/zakrasnejsivimperk.cz\/wp-content\/uploads\/2017\/07\/21\/Zuzana-Roithov\u00e1.jpg","_links":{"self":[{"href":"https:\/\/zakrasnejsivimperk.cz\/index.php?rest_route=\/wp\/v2\/posts\/103875"}],"collection":[{"href":"https:\/\/zakrasnejsivimperk.cz\/index.php?rest_route=\/wp\/v2\/posts"}],"about":[{"href":"https:\/\/zakrasnejsivimperk.cz\/index.php?rest_route=\/wp\/v2\/types\/post"}],"author":[{"embeddable":true,"href":"https:\/\/zakrasnejsivimperk.cz\/index.php?rest_route=\/wp\/v2\/users\/2"}],"replies":[{"embeddable":true,"href":"https:\/\/zakrasnejsivimperk.cz\/index.php?rest_route=%2Fwp%2Fv2%2Fcomments&post=103875"}],"version-history":[{"count":5,"href":"https:\/\/zakrasnejsivimperk.cz\/index.php?rest_route=\/wp\/v2\/posts\/103875\/revisions"}],"predecessor-version":[{"id":103881,"href":"https:\/\/zakrasnejsivimperk.cz\/index.php?rest_route=\/wp\/v2\/posts\/103875\/revisions\/103881"}],"wp:featuredmedia":[{"embeddable":true,"href":"https:\/\/zakrasnejsivimperk.cz\/index.php?rest_route=\/wp\/v2\/media\/103877"}],"wp:attachment":[{"href":"https:\/\/zakrasnejsivimperk.cz\/index.php?rest_route=%2Fwp%2Fv2%2Fmedia&parent=103875"}],"wp:term":[{"taxonomy":"category","embeddable":true,"href":"https:\/\/zakrasnejsivimperk.cz\/index.php?rest_route=%2Fwp%2Fv2%2Fcategories&post=103875"},{"taxonomy":"post_tag","embeddable":true,"href":"https:\/\/zakrasnejsivimperk.cz\/index.php?rest_route=%2Fwp%2Fv2%2Ftags&post=103875"}],"curies":[{"name":"wp","href":"https:\/\/api.w.org\/{rel}","templated":true}]}}