{"id":103795,"date":"2017-07-20T14:24:04","date_gmt":"2017-07-20T13:24:04","guid":{"rendered":"http:\/\/zakrasnejsivimperk.cz\/?p=103795"},"modified":"2017-07-20T14:25:23","modified_gmt":"2017-07-20T13:25:23","slug":"nebe-nad-hlavou-mame-pred-sebou-teply-vikend-nicmene-bez-destniku-se-neobejdeme","status":"publish","type":"post","link":"https:\/\/zakrasnejsivimperk.cz\/?p=103795","title":{"rendered":"NEBE NAD HLAVOU: M\u00e1me p\u0159ed sebou tepl\u00fd v\u00edkend, nicm\u00e9n\u011b bez de\u0161tn\u00edk\u016f se podle v\u0161eho neobejdeme"},"content":{"rendered":"<p><img loading=\"lazy\" decoding=\"async\" class=\"aligncenter wp-image-99859 size-full\" src=\"http:\/\/zakrasnejsivimperk.cz\/wp-content\/uploads\/2017\/06\/07\/bou\u0159ka-a-mraky-5.jpg\" alt=\"\" width=\"960\" height=\"640\" srcset=\"https:\/\/zakrasnejsivimperk.cz\/wp-content\/uploads\/2017\/06\/07\/bou\u0159ka-a-mraky-5.jpg 960w, https:\/\/zakrasnejsivimperk.cz\/wp-content\/uploads\/2017\/06\/07\/bou\u0159ka-a-mraky-5-300x200.jpg 300w, https:\/\/zakrasnejsivimperk.cz\/wp-content\/uploads\/2017\/06\/07\/bou\u0159ka-a-mraky-5-768x512.jpg 768w, https:\/\/zakrasnejsivimperk.cz\/wp-content\/uploads\/2017\/06\/07\/bou\u0159ka-a-mraky-5-536x357.jpg 536w, https:\/\/zakrasnejsivimperk.cz\/wp-content\/uploads\/2017\/06\/07\/bou\u0159ka-a-mraky-5-725x483.jpg 725w\" sizes=\"(max-width: 960px) 100vw, 960px\" \/><\/p>\n<p>&nbsp;<\/p>\n<p>V sobotu bude obla\u010dno, m\u00edsty p\u0159eh\u00e1\u0148ky a bou\u0159ky. No\u010dn\u00ed teploty 20 a\u017e 16 \u00b0C. Denn\u00ed teploty 26 a\u017e 30 \u00b0C. M\u00edrn\u00fd severoz\u00e1padn\u00ed v\u00edtr.<\/p>\n<p>V ned\u011bli bude polojasno a\u017e obla\u010dno, m\u00edsty p\u0159eh\u00e1\u0148ky a bou\u0159ky. No\u010dn\u00ed teploty 18 a\u017e 14 \u00b0C. Denn\u00ed teploty 25 a\u017e 29. M\u00edrn\u00fd severoz\u00e1padn\u00ed v\u00edtr.<\/p>\n<p>Ochlazov\u00e1n\u00ed a p\u0159ib\u00fdv\u00e1n\u00ed obla\u010dnosti p\u0159inese hned pond\u011bl\u00ed.<\/p>\n<p>&nbsp;<\/p>\n<p><a href=\"http:\/\/nebenadhlavou.cz\/\" target=\"_blank\" rel=\"noopener noreferrer\"><strong>NEBE NAD HLAVOU<\/strong><\/a><\/p>\n<p>Foto: archiv (red) &#8211; Za kr\u00e1sn\u011bj\u0161\u00ed Vimperk<\/p>\n<p>&nbsp;<\/p>\n<p>&nbsp;<\/p>\n","protected":false},"excerpt":{"rendered":"<p>&nbsp; V <\/p>\n","protected":false},"author":2,"featured_media":99859,"comment_status":"open","ping_status":"open","sticky":false,"template":"","format":"gallery","meta":{"footnotes":""},"categories":[31],"tags":[],"jetpack_featured_media_url":"https:\/\/zakrasnejsivimperk.cz\/wp-content\/uploads\/2017\/06\/07\/bou\u0159ka-a-mraky-5.jpg","_links":{"self":[{"href":"https:\/\/zakrasnejsivimperk.cz\/index.php?rest_route=\/wp\/v2\/posts\/103795"}],"collection":[{"href":"https:\/\/zakrasnejsivimperk.cz\/index.php?rest_route=\/wp\/v2\/posts"}],"about":[{"href":"https:\/\/zakrasnejsivimperk.cz\/index.php?rest_route=\/wp\/v2\/types\/post"}],"author":[{"embeddable":true,"href":"https:\/\/zakrasnejsivimperk.cz\/index.php?rest_route=\/wp\/v2\/users\/2"}],"replies":[{"embeddable":true,"href":"https:\/\/zakrasnejsivimperk.cz\/index.php?rest_route=%2Fwp%2Fv2%2Fcomments&post=103795"}],"version-history":[{"count":4,"href":"https:\/\/zakrasnejsivimperk.cz\/index.php?rest_route=\/wp\/v2\/posts\/103795\/revisions"}],"predecessor-version":[{"id":103819,"href":"https:\/\/zakrasnejsivimperk.cz\/index.php?rest_route=\/wp\/v2\/posts\/103795\/revisions\/103819"}],"wp:featuredmedia":[{"embeddable":true,"href":"https:\/\/zakrasnejsivimperk.cz\/index.php?rest_route=\/wp\/v2\/media\/99859"}],"wp:attachment":[{"href":"https:\/\/zakrasnejsivimperk.cz\/index.php?rest_route=%2Fwp%2Fv2%2Fmedia&parent=103795"}],"wp:term":[{"taxonomy":"category","embeddable":true,"href":"https:\/\/zakrasnejsivimperk.cz\/index.php?rest_route=%2Fwp%2Fv2%2Fcategories&post=103795"},{"taxonomy":"post_tag","embeddable":true,"href":"https:\/\/zakrasnejsivimperk.cz\/index.php?rest_route=%2Fwp%2Fv2%2Ftags&post=103795"}],"curies":[{"name":"wp","href":"https:\/\/api.w.org\/{rel}","templated":true}]}}