{"id":103758,"date":"2017-07-19T16:52:07","date_gmt":"2017-07-19T15:52:07","guid":{"rendered":"http:\/\/zakrasnejsivimperk.cz\/?p=103758"},"modified":"2017-07-19T16:53:35","modified_gmt":"2017-07-19T15:53:35","slug":"jednala-rada-mesta-zadani-verejnych-zakazek-penize-cirkvi-na-upravu-dvorku-a-lyzarum-na-zavody","status":"publish","type":"post","link":"https:\/\/zakrasnejsivimperk.cz\/?p=103758","title":{"rendered":"JEDNALA RADA M\u011aSTA: Zad\u00e1n\u00ed ve\u0159ejn\u00fdch zak\u00e1zek, pen\u00edze farnosti na \u00fapravu dvorku a ly\u017ea\u0159\u016fm na z\u00e1vody"},"content":{"rendered":"<p><img loading=\"lazy\" decoding=\"async\" class=\"aligncenter wp-image-99814 size-full\" src=\"http:\/\/zakrasnejsivimperk.cz\/wp-content\/uploads\/2017\/06\/07\/dokumenty.jpg\" alt=\"\" width=\"800\" height=\"352\" srcset=\"https:\/\/zakrasnejsivimperk.cz\/wp-content\/uploads\/2017\/06\/07\/dokumenty.jpg 800w, https:\/\/zakrasnejsivimperk.cz\/wp-content\/uploads\/2017\/06\/07\/dokumenty-300x132.jpg 300w, https:\/\/zakrasnejsivimperk.cz\/wp-content\/uploads\/2017\/06\/07\/dokumenty-768x338.jpg 768w\" sizes=\"(max-width: 800px) 100vw, 800px\" \/><\/p>\n<p>&nbsp;<\/p>\n<h6>Rada m\u011bsta Vimperk na sv\u00e9m pravideln\u00e9m zased\u00e1n\u00ed 17. \u010dervence krom\u011b jin\u00e9ho projednala a schv\u00e1lila\u00a0<em>(p\u0159in\u00e1\u0161\u00edme p\u0159esnou citaci usnesen\u00ed bez redak\u010dn\u00ed \u00fapravy):<\/em><\/h6>\n<p><strong>Usnesen\u00ed \u010d. 667:<\/strong> Rada m\u011bsta rozhodla v souladu s ustanoven\u00edm odst. 6. \u010dl. VII. Vnit\u0159n\u00ed sm\u011brnice \u010d. 1\/2014 \u201eZ\u00e1sady a postupy p\u0159i zad\u00e1v\u00e1n\u00ed ve\u0159ejn\u00fdch zak\u00e1zek\u201c zadat ve\u0159ejnou zak\u00e1zku mal\u00e9ho rozsahu na projektov\u00e9 pr\u00e1ce \u201eRekonstrukce ulice 1. m\u00e1je \u2013 1. etapa\u201c obchodn\u00ed firm\u011b re:architekti studio s. r. o., B\u011blohorsk\u00e1 193\/149, B\u0159evnov, 169 00 Praha.<\/p>\n<p><strong>Usnesen\u00ed \u010d. 669:<\/strong> Rada m\u011bsta na z\u00e1klad\u011b zpr\u00e1vy o hodnocen\u00ed nab\u00eddek, kterou po\u0159\u00eddila hodnot\u00edc\u00ed komise na zak\u00e1zku mal\u00e9ho rozsahu na stavebn\u00ed pr\u00e1ce: &#8220;Demolice objektu &#8211; obytn\u00fd d\u016fm \u010d. p. 45, ulice Pasovsk\u00e1, Vimperk a rodinn\u00fd d\u016fm \u010d. p. 52&#8221; rozhodla p\u0159id\u011blit v\u00fd\u0161e uvedenou ve\u0159ejnou zak\u00e1zku \u00fa\u010dastn\u00edkovi STRABAG a. s., Vod\u0148ansk\u00e1 333, 383 11 Prachatice, jeho\u017e nab\u00eddka byla vyhodnocena jako nab\u00eddka s nejni\u017e\u0161\u00ed nab\u00eddkovou cenou.<\/p>\n<p><strong>Usnesen\u00ed \u010d. 671:<\/strong> Rada m\u011bsta na z\u00e1klad\u011b zpr\u00e1vy o hodnocen\u00ed nab\u00eddek, kterou po\u0159\u00eddila komise na zak\u00e1zku mal\u00e9ho rozsahu na stavebn\u00ed pr\u00e1ce: &#8220;Vimperk, ul. H\u0159bitovn\u00ed &#8211; oprava komunikace&#8221; rozhodla p\u0159id\u011blit v\u00fd\u0161e uvedenou ve\u0159ejnou zak\u00e1zku \u00fa\u010dastn\u00edkovi Strabag a. s., Na B\u011blidle 198\/21, 150 00 Praha 5, jeho\u017e nab\u00eddka byla vyhodnocena jako nab\u00eddka s nejni\u017e\u0161\u00ed nab\u00eddkovou cenou.<\/p>\n<p><strong>Usnesen\u00ed \u010d. 673:<\/strong> Rada m\u011bsta rozhodla zadat zak\u00e1zku \u201eVimperk \u2013 roz\u0161\u00ed\u0159en\u00ed a modernizace m\u011bstsk\u00e9ho kamerov\u00e9ho a dohl\u00ed\u017eec\u00edho syst\u00e9mu\u201c v souladu s ustanoven\u00edm \u010dl. V. Vnit\u0159n\u00ed sm\u011brnice \u010d. 1\/2014 \u201eZ\u00e1sady a postupy p\u0159i zad\u00e1v\u00e1n\u00ed ve\u0159ejn\u00fdch zak\u00e1zek\u201c a pov\u011b\u0159uje odbor investic a \u00fadr\u017eby zah\u00e1jen\u00edm v\u00fdb\u011bru dodavatele dle p\u0159edlo\u017een\u00e9ho n\u00e1vrhu.<\/p>\n<p><strong>Usnesen\u00ed \u010d. 674<\/strong>: Rada m\u011bsta rozhodla zadat zak\u00e1zku \u201eCyklotrasa Voly\u0148ka \u2013 administrace dotace\u201c v souladu s ustanoven\u00edm \u010dl. V. Vnit\u0159n\u00ed sm\u011brnice \u010d.1\/2014 \u201eZ\u00e1sady a postupy p\u0159i zad\u00e1v\u00e1n\u00ed ve\u0159ejn\u00fdch zak\u00e1zek\u201c a pov\u011b\u0159uje odbor I\u00da zah\u00e1jen\u00edm v\u00fdb\u011bru dodavatele dle p\u0159edlo\u017een\u00e9ho n\u00e1vrhu.<\/p>\n<p><strong>Usnesen\u00ed \u010d. 675:<\/strong> Rada m\u011bsta schvaluje zad\u00e1n\u00ed podlimitn\u00ed ve\u0159ejn\u00e9 zak\u00e1zky na stavebn\u00ed pr\u00e1ce \u201eVimperk \u2013 rekonstrukce v\u00fdtah\u016f v panelov\u00fdch bytov\u00fdch domech \u010d. p. 393, 394, 396 \u2013 398, 400, 402 \u2013 404, 407, 408, 410, 424 \u2013 432, 434, 435, 458, 461, 462, 494 \u2013 496 a 498 \u2013 500\u201c dle p\u0159edlo\u017een\u00e9ho n\u00e1vrhu se t\u0159emi navr\u017een\u00fdmi zm\u011bnami a pov\u011b\u0159uje M\u011bstskou spr\u00e1vu dom\u016f, s. r. o. jej\u00ed realizac\u00ed.<\/p>\n<p><strong>Usnesen\u00ed \u010d. 678:<\/strong> Rada m\u011bsta posoudila nab\u00eddky uchaze\u010d\u016f dle \u010dl\u00e1nku V. vnit\u0159n\u00ed sm\u011brnice \u010d. 1\/2014 na akci \u201eVimperk o\u0161et\u0159en\u00ed d\u0159evin \u2013 nal\u00e9havost 5\/2017\u201c a rozhodla p\u0159id\u011blit v\u00fd\u0161e uvedenou ve\u0159ejnou zak\u00e1zku uchaze\u010di Petr K\u0159iv\u00e1nek, Velem\u00edn 131, jeho\u017e nab\u00eddka byla vyhodnocena jako nab\u00eddka s nejni\u017e\u0161\u00ed nab\u00eddkovou cenou<\/p>\n<p><strong>Usnesen\u00ed \u010d. 708<\/strong>: Rada m\u011bsta rozhodla poskytnout \u0158\u00edmskokatolick\u00e9 farnosti Vimperk, I\u010c: 63913232, se s\u00eddlem n\u00e1m\u011bst\u00ed Svobody 46, 385 01 Vimperk dotaci ve v\u00fd\u0161i 15.000 K\u010d z rozpo\u010dtu m\u011bsta Vimperk na \u010d\u00e1ste\u010dnou \u00fahradu n\u00e1klad\u016f spojen\u00fdch s \u00fapravou dvora. Dotace bude poskytnuta z rozpo\u010dtu odboru \u0161kolstv\u00ed, kultury a cestovn\u00edho ruchu. \u017dadatel p\u0159edlo\u017e\u00ed z\u00e1v\u011bre\u010dn\u00e9 vy\u00fa\u010dtov\u00e1n\u00ed nejpozd\u011bji do 01.12.2017.<\/p>\n<p><strong>Usnesen\u00ed \u010d. 714:<\/strong> Rada m\u011bsta rozhodla poskytnout individu\u00e1ln\u00ed dotaci ve v\u00fd\u0161i 15.000 K\u010d Ski klubu \u0160umava Vimperk, z. s., 1. m\u00e1je 182\/16, Vimperk na \u00fahradu n\u00e1klad\u016f spojen\u00fdch s po\u0159\u00e1d\u00e1n\u00edm 20. \u0160umavsk\u00e9ho MTB maratonu \u010cesk\u00e1 spo\u0159itelna, kter\u00fd se uskute\u010dn\u00ed dne 29.07.2017. P\u0159\u00edsp\u011bvek bude poskytnut z kapitoly rady m\u011bsta. Rada m\u011bsta po\u017eaduje p\u0159edlo\u017eit vy\u00fa\u010dtov\u00e1n\u00ed p\u0159\u00edsp\u011bvku do 30.09.2017.<\/p>\n<p><strong>(red)<\/strong><\/p>\n<h4><a href=\"http:\/\/www.vimperk.cz\/files\/9451-rada-vn-17-7-2017.pdf\" target=\"_blank\" rel=\"noopener noreferrer\">Cel\u00fd z\u00e1pis z jedn\u00e1n\u00ed\u00a0<em>(ve form\u00e1tu PDF)<\/em><\/a><\/h4>\n<p>&nbsp;<\/p>\n<p>&nbsp;<\/p>\n","protected":false},"excerpt":{"rendered":"<p>&nbsp; Rada <\/p>\n","protected":false},"author":2,"featured_media":99814,"comment_status":"open","ping_status":"open","sticky":false,"template":"","format":"gallery","meta":{"footnotes":""},"categories":[7],"tags":[],"jetpack_featured_media_url":"https:\/\/zakrasnejsivimperk.cz\/wp-content\/uploads\/2017\/06\/07\/dokumenty.jpg","_links":{"self":[{"href":"https:\/\/zakrasnejsivimperk.cz\/index.php?rest_route=\/wp\/v2\/posts\/103758"}],"collection":[{"href":"https:\/\/zakrasnejsivimperk.cz\/index.php?rest_route=\/wp\/v2\/posts"}],"about":[{"href":"https:\/\/zakrasnejsivimperk.cz\/index.php?rest_route=\/wp\/v2\/types\/post"}],"author":[{"embeddable":true,"href":"https:\/\/zakrasnejsivimperk.cz\/index.php?rest_route=\/wp\/v2\/users\/2"}],"replies":[{"embeddable":true,"href":"https:\/\/zakrasnejsivimperk.cz\/index.php?rest_route=%2Fwp%2Fv2%2Fcomments&post=103758"}],"version-history":[{"count":3,"href":"https:\/\/zakrasnejsivimperk.cz\/index.php?rest_route=\/wp\/v2\/posts\/103758\/revisions"}],"predecessor-version":[{"id":103761,"href":"https:\/\/zakrasnejsivimperk.cz\/index.php?rest_route=\/wp\/v2\/posts\/103758\/revisions\/103761"}],"wp:featuredmedia":[{"embeddable":true,"href":"https:\/\/zakrasnejsivimperk.cz\/index.php?rest_route=\/wp\/v2\/media\/99814"}],"wp:attachment":[{"href":"https:\/\/zakrasnejsivimperk.cz\/index.php?rest_route=%2Fwp%2Fv2%2Fmedia&parent=103758"}],"wp:term":[{"taxonomy":"category","embeddable":true,"href":"https:\/\/zakrasnejsivimperk.cz\/index.php?rest_route=%2Fwp%2Fv2%2Fcategories&post=103758"},{"taxonomy":"post_tag","embeddable":true,"href":"https:\/\/zakrasnejsivimperk.cz\/index.php?rest_route=%2Fwp%2Fv2%2Ftags&post=103758"}],"curies":[{"name":"wp","href":"https:\/\/api.w.org\/{rel}","templated":true}]}}