{"id":103698,"date":"2017-07-25T21:26:59","date_gmt":"2017-07-25T20:26:59","guid":{"rendered":"http:\/\/zakrasnejsivimperk.cz\/?p=103698"},"modified":"2017-07-25T21:26:59","modified_gmt":"2017-07-25T20:26:59","slug":"ceske-budejovice-jihocesky-kraj-jednal-o-spolupraci-v-oblasti-kultury-s-cinskou-provincii-henan","status":"publish","type":"post","link":"https:\/\/zakrasnejsivimperk.cz\/?p=103698","title":{"rendered":"\u010cESK\u00c9 BUD\u011aJOVICE: Jiho\u010desk\u00fd kraj jednal o spolupr\u00e1ci v oblasti kultury s \u010d\u00ednskou provinci\u00ed Henan"},"content":{"rendered":"<p><img loading=\"lazy\" decoding=\"async\" class=\"aligncenter wp-image-103699 size-full\" src=\"http:\/\/zakrasnejsivimperk.cz\/wp-content\/uploads\/2017\/07\/19\/kraj-delegace-z-ciny.jpg\" alt=\"\" width=\"785\" height=\"535\" srcset=\"https:\/\/zakrasnejsivimperk.cz\/wp-content\/uploads\/2017\/07\/19\/kraj-delegace-z-ciny.jpg 785w, https:\/\/zakrasnejsivimperk.cz\/wp-content\/uploads\/2017\/07\/19\/kraj-delegace-z-ciny-300x204.jpg 300w, https:\/\/zakrasnejsivimperk.cz\/wp-content\/uploads\/2017\/07\/19\/kraj-delegace-z-ciny-768x523.jpg 768w, https:\/\/zakrasnejsivimperk.cz\/wp-content\/uploads\/2017\/07\/19\/kraj-delegace-z-ciny-524x357.jpg 524w, https:\/\/zakrasnejsivimperk.cz\/wp-content\/uploads\/2017\/07\/19\/kraj-delegace-z-ciny-709x483.jpg 709w\" sizes=\"(max-width: 785px) 100vw, 785px\" \/><\/p>\n<p>&nbsp;<\/p>\n<h6>Zv\u00fd\u0161it z\u00e1jem \u010d\u00ednsk\u00fdch turist\u016f o n\u00e1v\u0161t\u011bvu Jiho\u010desk\u00e9ho kraje, vym\u011bnit si zku\u0161enosti z oblasti p\u00e9\u010de o pam\u00e1tky a nav\u00e1zat hlub\u0161\u00ed spolupr\u00e1ci v kulturn\u00ed oblasti. To bylo c\u00edlem pond\u011bln\u00ed sch\u016fzky z\u00e1stupc\u016f Jiho\u010desk\u00e9ho kraje a jeho z\u0159izovan\u00fdch organizac\u00ed s \u010d\u00ednskou delegac\u00ed z provincie Henan.<\/h6>\n<p>Na p\u0159\u00e1telsk\u00e9m setk\u00e1n\u00ed, kter\u00e9ho se za Jiho\u010desk\u00fd kraj z\u00fa\u010dastnil n\u00e1m\u011bstek hejtmanky Pavel Hroch, uvedli \u010d\u00edn\u0161t\u00ed z\u00e1stupci, \u017ee z\u00e1jem o n\u00e1v\u0161t\u011bvu ji\u017en\u00edch \u010cech mezi \u010d\u00ednsk\u00fdmi obyvateli st\u00e1le stoup\u00e1. To potvrzuj\u00ed i statistiky, podle nich\u017e zauj\u00edmaj\u00ed v \u010detnosti zahrani\u010dn\u00edch turistu n\u00e1v\u0161t\u011bvn\u00edci z \u010c\u00edny druh\u00e9 m\u00edsto &#8211; jejich n\u00e1v\u0161t\u011bvnost v kraji meziro\u010dn\u011b vzrostla o v\u00edc ne\u017e polovinu.<\/p>\n<p>Z\u00e1stupci Jiho\u010desk\u00e9ho kraje diskutovali s delegac\u00ed o mo\u017enostech prezentace \u010d\u00ednsk\u00e9 kultury a um\u011bn\u00ed v ji\u017en\u00edch \u010cech\u00e1ch a tak\u00e9 o nav\u00e1z\u00e1n\u00ed hlub\u0161\u00ed spolupr\u00e1ce v oblasti p\u00e9\u010de o kulturn\u00ed d\u011bdictv\u00ed v obou regionech.<em> \u201eNa\u0161i partne\u0159i v Henanu pracuj\u00ed s modern\u00edmi technologiemi a 3D expozicemi v muze\u00edch a p\u0159i v\u00fdstav\u00e1ch. To je pro n\u00e1s n\u011bco nov\u00e9ho a r\u00e1di bychom se inspirovali,&#8221;<\/em> nast\u00ednil n\u00e1m\u011bstek hejtmanky pro kulturu Pavel Hroch a upozornil, \u017ee provincie Henan je velmi v\u00fdznamnou oblast\u00ed pro paleontologick\u00e9 v\u00fdzkumy druhohorn\u00edch obratlovc\u016f, zejm\u00e9na pak nepta\u010d\u00edch dinosaur\u016f. Bylo odtud ji\u017e pops\u00e1no n\u011bkolik des\u00edtek druh\u016f dinosaur\u016f a m\u00edstn\u00ed lokality pat\u0159\u00ed k nejv\u00fdznamn\u011bj\u0161\u00edm na sv\u011bt\u011b.<br \/>\n<em><br \/>\n<strong>Che-nan<\/strong>\u00a0(\u010d\u00ednsky: \u6cb3\u5357; pinyin: H\u00e9n\u00e1n) je provincie v \u010c\u00ednsk\u00e9 lidov\u00e9 republice, ve kter\u00e9 \u017eije p\u0159ibli\u017en\u011b okolo 126 mili\u00f3n\u016f obyvatel, je nejlidnat\u011bj\u0161\u00ed provinci\u00ed v \u010c\u00edn\u011b a druhou nejlidnat\u011bj\u0161\u00ed ni\u017e\u0161\u00ed spr\u00e1vn\u00ed jednotkou na sv\u011bt\u011b. Partnersk\u00fdm regionem Jiho\u010desk\u00e9ho kraje je Henan od roku 2014.<\/em><\/p>\n<p><strong>Text a foto: (tzj\u010d)<\/strong><\/p>\n<p>&nbsp;<\/p>\n<p>&nbsp;<\/p>\n<p>&nbsp;<\/p>\n","protected":false},"excerpt":{"rendered":"<p>&nbsp; Zv\u00fd\u0161it <\/p>\n","protected":false},"author":2,"featured_media":103700,"comment_status":"open","ping_status":"open","sticky":false,"template":"","format":"gallery","meta":{"footnotes":""},"categories":[7],"tags":[],"jetpack_featured_media_url":"https:\/\/zakrasnejsivimperk.cz\/wp-content\/uploads\/2017\/07\/19\/titul.jpg","_links":{"self":[{"href":"https:\/\/zakrasnejsivimperk.cz\/index.php?rest_route=\/wp\/v2\/posts\/103698"}],"collection":[{"href":"https:\/\/zakrasnejsivimperk.cz\/index.php?rest_route=\/wp\/v2\/posts"}],"about":[{"href":"https:\/\/zakrasnejsivimperk.cz\/index.php?rest_route=\/wp\/v2\/types\/post"}],"author":[{"embeddable":true,"href":"https:\/\/zakrasnejsivimperk.cz\/index.php?rest_route=\/wp\/v2\/users\/2"}],"replies":[{"embeddable":true,"href":"https:\/\/zakrasnejsivimperk.cz\/index.php?rest_route=%2Fwp%2Fv2%2Fcomments&post=103698"}],"version-history":[{"count":1,"href":"https:\/\/zakrasnejsivimperk.cz\/index.php?rest_route=\/wp\/v2\/posts\/103698\/revisions"}],"predecessor-version":[{"id":103701,"href":"https:\/\/zakrasnejsivimperk.cz\/index.php?rest_route=\/wp\/v2\/posts\/103698\/revisions\/103701"}],"wp:featuredmedia":[{"embeddable":true,"href":"https:\/\/zakrasnejsivimperk.cz\/index.php?rest_route=\/wp\/v2\/media\/103700"}],"wp:attachment":[{"href":"https:\/\/zakrasnejsivimperk.cz\/index.php?rest_route=%2Fwp%2Fv2%2Fmedia&parent=103698"}],"wp:term":[{"taxonomy":"category","embeddable":true,"href":"https:\/\/zakrasnejsivimperk.cz\/index.php?rest_route=%2Fwp%2Fv2%2Fcategories&post=103698"},{"taxonomy":"post_tag","embeddable":true,"href":"https:\/\/zakrasnejsivimperk.cz\/index.php?rest_route=%2Fwp%2Fv2%2Ftags&post=103698"}],"curies":[{"name":"wp","href":"https:\/\/api.w.org\/{rel}","templated":true}]}}