{"id":103383,"date":"2017-07-18T23:37:45","date_gmt":"2017-07-18T22:37:45","guid":{"rendered":"http:\/\/zakrasnejsivimperk.cz\/?p=103383"},"modified":"2017-07-19T17:44:33","modified_gmt":"2017-07-19T16:44:33","slug":"nebe-nad-hlavou-to-je-dobra-zprava-teploty-pujdou-opet-nahoru-v-novem-tydnu-se-opet-ohrejeme","status":"publish","type":"post","link":"https:\/\/zakrasnejsivimperk.cz\/?p=103383","title":{"rendered":"NEBE NAD HLAVOU: To je dobr\u00e1 zpr\u00e1va. Teploty op\u011bt p\u016fjdou nahoru, v tomto t\u00fddnu se zas letn\u011b oh\u0159ejeme"},"content":{"rendered":"<p><img loading=\"lazy\" decoding=\"async\" class=\"aligncenter wp-image-75274 size-full\" src=\"http:\/\/zakrasnejsivimperk.cz\/wp-content\/uploads\/2016\/09\/11\/po\u010dasi-akc.jpg\" alt=\"\" width=\"650\" height=\"431\" srcset=\"https:\/\/zakrasnejsivimperk.cz\/wp-content\/uploads\/2016\/09\/11\/po\u010dasi-akc.jpg 650w, https:\/\/zakrasnejsivimperk.cz\/wp-content\/uploads\/2016\/09\/11\/po\u010dasi-akc-300x199.jpg 300w, https:\/\/zakrasnejsivimperk.cz\/wp-content\/uploads\/2016\/09\/11\/po\u010dasi-akc-100x65.jpg 100w, https:\/\/zakrasnejsivimperk.cz\/wp-content\/uploads\/2016\/09\/11\/po\u010dasi-akc-538x357.jpg 538w\" sizes=\"(max-width: 650px) 100vw, 650px\" \/><\/p>\n<p>&nbsp;<\/p>\n<h6>Oh\u0159ejeme se. V druh\u00e9 polovin\u011b t\u00fddne se bude nejvy\u0161\u0161\u00ed odpoledn\u00ed teplota zastavovat a\u017e na 34 \u00b0C!<\/h6>\n<p>V pond\u011bl\u00ed bude zata\u017eeno a\u017e obla\u010dno, od severoz\u00e1padu m\u00edsty d\u00e9\u0161\u0165 nebo p\u0159eh\u00e1\u0148ky. Ojedin\u011ble bou\u0159ky. Ve\u010der ub\u00fdv\u00e1n\u00ed sr\u00e1\u017eek a \u010d\u00e1ste\u010dn\u011b i obla\u010dnosti. No\u010dn\u00ed teploty 14 a\u017e 10 \u00b0C. Nejvy\u0161\u0161\u00ed teploty 24 a\u017e 26 \u00b0C. Slab\u00fd severoz\u00e1padn\u00ed v\u00edtr.<\/p>\n<p>V \u00fater\u00fd jasno a\u017e polojasno, p\u0159i zv\u011bt\u0161en\u00e9 obla\u010dnosti jen ojedin\u011ble p\u0159eh\u00e1\u0148ky \u010di bou\u0159ky. No\u010dn\u00ed teploty 14 a\u017e 10 \u00b0C. Denn\u00ed teploty 24 a\u017e 26 \u00b0C. Slab\u00fd severoz\u00e1padn\u00ed v\u00edtr.<\/p>\n<p>Ve st\u0159edu bude jasno a\u017e polojasno, ojedin\u011ble p\u0159eh\u00e1\u0148ky. No\u010dn\u00ed teploty 15 a\u017e 11 \u00b0C. Denn\u00ed teploty 28 a\u017e 30 \u00b0C. Slab\u00fd jihov\u00fdchodn\u00ed v\u00edtr.<\/p>\n<p>Ve \u010dtvrtek bude jasno a\u017e polojasno, na z\u00e1pad\u011b p\u0159echodn\u011b obla\u010dno. No\u010dn\u00ed teploty 18 a\u017e 14 \u00b0C. Denn\u00ed teploty 30 a\u017e 32 \u00b0C. Slab\u00fd ji\u017en\u00ed v\u00edtr.<\/p>\n<p>V p\u00e1tek bude polojasno, odpoledne m\u00edsty a\u017e obla\u010dno s bou\u0159kami. No\u010dn\u00ed teploty 20 a\u017e 16 \u00b0C. Denn\u00ed teploty 32 a\u017e 34 \u00b0C. Slab\u00fd jihov\u00fdchodn\u00ed v\u00edtr.<\/p>\n<p>V sobotu bude obla\u010dno, p\u0159eh\u00e1\u0148ky a bou\u0159ky. No\u010dn\u00ed teploty 19 a\u017e 15 \u00b0C. Denn\u00ed teploty 25 a\u017e 29 \u00b0C. Slab\u00fd severoz\u00e1padn\u00ed v\u00edtr.<\/p>\n<p>V ned\u011bli bude polojasno, odpoledne m\u00edsty s p\u0159eh\u00e1\u0148kami nebo bou\u0159kami. No\u010dn\u00ed teploty 20 a\u017e 16 \u00b0C. Denn\u00ed teploty 24 a\u017e 28 \u00b0C. Slab\u00fd jihoz\u00e1padn\u00ed v\u00edtr.<\/p>\n<p>&nbsp;<\/p>\n<p><a href=\"http:\/\/nebenadhlavou.cz\/\" target=\"_blank\" rel=\"noopener noreferrer\"><strong>NEBE NAD HLAVOU<\/strong><\/a><\/p>\n<p><strong>Ilustra\u010dn\u00ed foto: Alena KO\u0160OV\u00c1<\/strong><\/p>\n<p>&nbsp;<\/p>\n<p>&nbsp;<\/p>\n","protected":false},"excerpt":{"rendered":"<p>&nbsp; Oh\u0159ejeme <\/p>\n","protected":false},"author":2,"featured_media":75274,"comment_status":"open","ping_status":"open","sticky":false,"template":"","format":"gallery","meta":{"footnotes":""},"categories":[31],"tags":[],"jetpack_featured_media_url":"https:\/\/zakrasnejsivimperk.cz\/wp-content\/uploads\/2016\/09\/11\/po\u010dasi-akc.jpg","_links":{"self":[{"href":"https:\/\/zakrasnejsivimperk.cz\/index.php?rest_route=\/wp\/v2\/posts\/103383"}],"collection":[{"href":"https:\/\/zakrasnejsivimperk.cz\/index.php?rest_route=\/wp\/v2\/posts"}],"about":[{"href":"https:\/\/zakrasnejsivimperk.cz\/index.php?rest_route=\/wp\/v2\/types\/post"}],"author":[{"embeddable":true,"href":"https:\/\/zakrasnejsivimperk.cz\/index.php?rest_route=\/wp\/v2\/users\/2"}],"replies":[{"embeddable":true,"href":"https:\/\/zakrasnejsivimperk.cz\/index.php?rest_route=%2Fwp%2Fv2%2Fcomments&post=103383"}],"version-history":[{"count":9,"href":"https:\/\/zakrasnejsivimperk.cz\/index.php?rest_route=\/wp\/v2\/posts\/103383\/revisions"}],"predecessor-version":[{"id":103466,"href":"https:\/\/zakrasnejsivimperk.cz\/index.php?rest_route=\/wp\/v2\/posts\/103383\/revisions\/103466"}],"wp:featuredmedia":[{"embeddable":true,"href":"https:\/\/zakrasnejsivimperk.cz\/index.php?rest_route=\/wp\/v2\/media\/75274"}],"wp:attachment":[{"href":"https:\/\/zakrasnejsivimperk.cz\/index.php?rest_route=%2Fwp%2Fv2%2Fmedia&parent=103383"}],"wp:term":[{"taxonomy":"category","embeddable":true,"href":"https:\/\/zakrasnejsivimperk.cz\/index.php?rest_route=%2Fwp%2Fv2%2Fcategories&post=103383"},{"taxonomy":"post_tag","embeddable":true,"href":"https:\/\/zakrasnejsivimperk.cz\/index.php?rest_route=%2Fwp%2Fv2%2Ftags&post=103383"}],"curies":[{"name":"wp","href":"https:\/\/api.w.org\/{rel}","templated":true}]}}