{"id":103261,"date":"2017-07-14T18:02:14","date_gmt":"2017-07-14T17:02:14","guid":{"rendered":"http:\/\/zakrasnejsivimperk.cz\/?p=103261"},"modified":"2017-07-14T22:23:26","modified_gmt":"2017-07-14T21:23:26","slug":"nebe-nad-hlavou-video-predpoved-meteopress-online-prozradi-jake-pocasi-by-melo-byt-o-tomto-vikendu-2","status":"publish","type":"post","link":"https:\/\/zakrasnejsivimperk.cz\/?p=103261","title":{"rendered":"NEBE NAD HLAVOU: Video p\u0159edpov\u011b\u010f Meteopress Online prozrad\u00ed, jak\u00e9 po\u010das\u00ed by m\u011blo b\u00fdt o tomto v\u00edkendu"},"content":{"rendered":"<h6>Video na facebookov\u00e9m profilu Meteopress Online\u00a0spust\u00edte kliknut\u00edm na obr\u00e1zek:<\/h6>\n<p><a href=\"https:\/\/www.facebook.com\/meteopress\/videos\/10154974609193710\/\" target=\"_blank\" rel=\"noopener noreferrer\"><img loading=\"lazy\" decoding=\"async\" class=\"aligncenter wp-image-103262 size-full\" src=\"http:\/\/zakrasnejsivimperk.cz\/wp-content\/uploads\/2017\/07\/14\/video-po\u010das\u00ed-140717.jpg\" alt=\"\" width=\"740\" height=\"411\" srcset=\"https:\/\/zakrasnejsivimperk.cz\/wp-content\/uploads\/2017\/07\/14\/video-po\u010das\u00ed-140717.jpg 740w, https:\/\/zakrasnejsivimperk.cz\/wp-content\/uploads\/2017\/07\/14\/video-po\u010das\u00ed-140717-300x167.jpg 300w, https:\/\/zakrasnejsivimperk.cz\/wp-content\/uploads\/2017\/07\/14\/video-po\u010das\u00ed-140717-643x357.jpg 643w\" sizes=\"(max-width: 740px) 100vw, 740px\" \/><\/a><\/p>\n<h6 style=\"text-align: center;\"><a id=\"js_fsq\" href=\"https:\/\/www.facebook.com\/meteopress\/?hc_ref=PAGES_TIMELINE&amp;fref=nf\" target=\"_blank\" rel=\"noopener noreferrer\" data-hovercard=\"\/ajax\/hovercard\/page.php?id=272973163709&amp;extragetparams=%7B%22hc_ref%22%3A%22PAGES_TIMELINE%22%2C%22fref%22%3A%22nf%22%7D\" data-hovercard-prefer-more-content-show=\"1\" data-hovercard-referer=\"PAGES_TIMELINE\">Meteopress Online<\/a><\/h6>\n<p>&nbsp;<\/p>\n<p>&nbsp;<\/p>\n","protected":false},"excerpt":{"rendered":"<p>Video na <\/p>\n","protected":false},"author":2,"featured_media":103262,"comment_status":"open","ping_status":"open","sticky":false,"template":"","format":"gallery","meta":{"footnotes":""},"categories":[31],"tags":[],"jetpack_featured_media_url":"https:\/\/zakrasnejsivimperk.cz\/wp-content\/uploads\/2017\/07\/14\/video-po\u010das\u00ed-140717.jpg","_links":{"self":[{"href":"https:\/\/zakrasnejsivimperk.cz\/index.php?rest_route=\/wp\/v2\/posts\/103261"}],"collection":[{"href":"https:\/\/zakrasnejsivimperk.cz\/index.php?rest_route=\/wp\/v2\/posts"}],"about":[{"href":"https:\/\/zakrasnejsivimperk.cz\/index.php?rest_route=\/wp\/v2\/types\/post"}],"author":[{"embeddable":true,"href":"https:\/\/zakrasnejsivimperk.cz\/index.php?rest_route=\/wp\/v2\/users\/2"}],"replies":[{"embeddable":true,"href":"https:\/\/zakrasnejsivimperk.cz\/index.php?rest_route=%2Fwp%2Fv2%2Fcomments&post=103261"}],"version-history":[{"count":2,"href":"https:\/\/zakrasnejsivimperk.cz\/index.php?rest_route=\/wp\/v2\/posts\/103261\/revisions"}],"predecessor-version":[{"id":103300,"href":"https:\/\/zakrasnejsivimperk.cz\/index.php?rest_route=\/wp\/v2\/posts\/103261\/revisions\/103300"}],"wp:featuredmedia":[{"embeddable":true,"href":"https:\/\/zakrasnejsivimperk.cz\/index.php?rest_route=\/wp\/v2\/media\/103262"}],"wp:attachment":[{"href":"https:\/\/zakrasnejsivimperk.cz\/index.php?rest_route=%2Fwp%2Fv2%2Fmedia&parent=103261"}],"wp:term":[{"taxonomy":"category","embeddable":true,"href":"https:\/\/zakrasnejsivimperk.cz\/index.php?rest_route=%2Fwp%2Fv2%2Fcategories&post=103261"},{"taxonomy":"post_tag","embeddable":true,"href":"https:\/\/zakrasnejsivimperk.cz\/index.php?rest_route=%2Fwp%2Fv2%2Ftags&post=103261"}],"curies":[{"name":"wp","href":"https:\/\/api.w.org\/{rel}","templated":true}]}}