{"id":103235,"date":"2017-07-14T09:25:39","date_gmt":"2017-07-14T08:25:39","guid":{"rendered":"http:\/\/zakrasnejsivimperk.cz\/?p=103235"},"modified":"2017-07-14T09:26:43","modified_gmt":"2017-07-14T08:26:43","slug":"nebe-nad-hlavou-predpoved-pocasi-slibuje-chladny-vikend-na-koupani-venku-to-asi-nebude","status":"publish","type":"post","link":"https:\/\/zakrasnejsivimperk.cz\/?p=103235","title":{"rendered":"NEBE NAD HLAVOU: P\u0159edpov\u011b\u010f po\u010das\u00ed slibuje chladn\u00fd v\u00edkend; na koup\u00e1n\u00ed v p\u0159\u00edrod\u011b to z\u0159ejm\u011b nebude"},"content":{"rendered":"<p><img loading=\"lazy\" decoding=\"async\" class=\"aligncenter wp-image-103238 size-full\" src=\"http:\/\/zakrasnejsivimperk.cz\/wp-content\/uploads\/2017\/07\/14\/po\u010das\u00ed-3.jpg\" alt=\"\" width=\"960\" height=\"411\" srcset=\"https:\/\/zakrasnejsivimperk.cz\/wp-content\/uploads\/2017\/07\/14\/po\u010das\u00ed-3.jpg 960w, https:\/\/zakrasnejsivimperk.cz\/wp-content\/uploads\/2017\/07\/14\/po\u010das\u00ed-3-300x128.jpg 300w, https:\/\/zakrasnejsivimperk.cz\/wp-content\/uploads\/2017\/07\/14\/po\u010das\u00ed-3-768x329.jpg 768w, https:\/\/zakrasnejsivimperk.cz\/wp-content\/uploads\/2017\/07\/14\/po\u010das\u00ed-3-834x357.jpg 834w\" sizes=\"(max-width: 960px) 100vw, 960px\" \/><\/p>\n<p>&nbsp;<\/p>\n<h6>V\u00edkend bude relativn\u011b chladn\u00fd.<\/h6>\n<p>V sobotu bude zata\u017eeno a\u017e obla\u010dno, p\u0159eh\u00e1\u0148ky nebo d\u00e9\u0161\u0165. No\u010dn\u00ed teploty 14 a\u017e 10 \u00b0C. Denn\u00ed teploty 17 a\u017e 21 \u00b0C. M\u00edrn\u00fd severoz\u00e1padn\u00ed v\u00edtr.<\/p>\n<p>V ned\u011bli bude polojasno, b\u011bhem odpoledne p\u0159ib\u00fdv\u00e1n\u00ed obla\u010dnosti a ojedin\u011ble p\u0159eh\u00e1\u0148ky. No\u010dn\u00ed teploty 12 a\u017e 8 \u00b0C. Denn\u00ed teploty 20 a\u017e 24 \u00b0C. Slab\u00fd z\u00e1padn\u00ed v\u00edtr.<\/p>\n<p>&nbsp;<\/p>\n<p><a href=\"http:\/\/nebenadhlavou.cz\/\" target=\"_blank\" rel=\"noopener noreferrer\"><strong>NEBE NAD HLADOU<\/strong><\/a><\/p>\n<p>Ilustra\u010dn\u00ed foto: archiv (red) &#8211; Za kr\u00e1sn\u011bj\u0161\u00ed Vimperk<\/p>\n<p>&nbsp;<\/p>\n<p>&nbsp;<\/p>\n<p>&nbsp;<\/p>\n","protected":false},"excerpt":{"rendered":"<p>&nbsp; V\u00edkend <\/p>\n","protected":false},"author":2,"featured_media":103238,"comment_status":"open","ping_status":"open","sticky":false,"template":"","format":"gallery","meta":{"footnotes":""},"categories":[31],"tags":[],"jetpack_featured_media_url":"https:\/\/zakrasnejsivimperk.cz\/wp-content\/uploads\/2017\/07\/14\/po\u010das\u00ed-3.jpg","_links":{"self":[{"href":"https:\/\/zakrasnejsivimperk.cz\/index.php?rest_route=\/wp\/v2\/posts\/103235"}],"collection":[{"href":"https:\/\/zakrasnejsivimperk.cz\/index.php?rest_route=\/wp\/v2\/posts"}],"about":[{"href":"https:\/\/zakrasnejsivimperk.cz\/index.php?rest_route=\/wp\/v2\/types\/post"}],"author":[{"embeddable":true,"href":"https:\/\/zakrasnejsivimperk.cz\/index.php?rest_route=\/wp\/v2\/users\/2"}],"replies":[{"embeddable":true,"href":"https:\/\/zakrasnejsivimperk.cz\/index.php?rest_route=%2Fwp%2Fv2%2Fcomments&post=103235"}],"version-history":[{"count":3,"href":"https:\/\/zakrasnejsivimperk.cz\/index.php?rest_route=\/wp\/v2\/posts\/103235\/revisions"}],"predecessor-version":[{"id":103241,"href":"https:\/\/zakrasnejsivimperk.cz\/index.php?rest_route=\/wp\/v2\/posts\/103235\/revisions\/103241"}],"wp:featuredmedia":[{"embeddable":true,"href":"https:\/\/zakrasnejsivimperk.cz\/index.php?rest_route=\/wp\/v2\/media\/103238"}],"wp:attachment":[{"href":"https:\/\/zakrasnejsivimperk.cz\/index.php?rest_route=%2Fwp%2Fv2%2Fmedia&parent=103235"}],"wp:term":[{"taxonomy":"category","embeddable":true,"href":"https:\/\/zakrasnejsivimperk.cz\/index.php?rest_route=%2Fwp%2Fv2%2Fcategories&post=103235"},{"taxonomy":"post_tag","embeddable":true,"href":"https:\/\/zakrasnejsivimperk.cz\/index.php?rest_route=%2Fwp%2Fv2%2Ftags&post=103235"}],"curies":[{"name":"wp","href":"https:\/\/api.w.org\/{rel}","templated":true}]}}