{"id":103013,"date":"2017-07-11T13:22:29","date_gmt":"2017-07-11T12:22:29","guid":{"rendered":"http:\/\/zakrasnejsivimperk.cz\/?p=103013"},"modified":"2017-07-11T13:23:25","modified_gmt":"2017-07-11T12:23:25","slug":"nebe-nad-hlavou-graf-meteopress-online-napovi-jake-pocasi-muzeme-cekat-v-druhe-puli-cervence","status":"publish","type":"post","link":"https:\/\/zakrasnejsivimperk.cz\/?p=103013","title":{"rendered":"NEBE NAD HLAVOU: Graf Meteopress Online napov\u00ed, jak\u00e9 po\u010das\u00ed m\u016f\u017eeme \u010dekat v druh\u00e9 polovin\u011b \u010dervence"},"content":{"rendered":"<p><img loading=\"lazy\" decoding=\"async\" class=\"aligncenter wp-image-103014 size-full\" src=\"http:\/\/zakrasnejsivimperk.cz\/wp-content\/uploads\/2017\/07\/11\/graf-po\u010das\u00ed-110717.png\" alt=\"\" width=\"960\" height=\"261\" srcset=\"https:\/\/zakrasnejsivimperk.cz\/wp-content\/uploads\/2017\/07\/11\/graf-po\u010das\u00ed-110717.png 960w, https:\/\/zakrasnejsivimperk.cz\/wp-content\/uploads\/2017\/07\/11\/graf-po\u010das\u00ed-110717-300x82.png 300w, https:\/\/zakrasnejsivimperk.cz\/wp-content\/uploads\/2017\/07\/11\/graf-po\u010das\u00ed-110717-768x209.png 768w\" sizes=\"(max-width: 960px) 100vw, 960px\" \/><\/p>\n<h6 style=\"text-align: center;\"><a id=\"js_bue\" class=\"_hli\" href=\"https:\/\/www.facebook.com\/meteopress\/\" target=\"_blank\" rel=\"noopener noreferrer\" data-ft=\"{&quot;tn&quot;:&quot;k&quot;}\" data-hovercard=\"\/ajax\/hovercard\/page.php?id=272973163709\" data-hovercard-prefer-more-content-show=\"1\">Meteopress Online<\/a><\/h6>\n<p>&nbsp;<\/p>\n<p>&nbsp;<\/p>\n","protected":false},"excerpt":{"rendered":"<p>Meteopress Online <\/p>\n","protected":false},"author":2,"featured_media":103015,"comment_status":"open","ping_status":"open","sticky":false,"template":"","format":"gallery","meta":{"footnotes":""},"categories":[31],"tags":[],"jetpack_featured_media_url":"https:\/\/zakrasnejsivimperk.cz\/wp-content\/uploads\/2017\/07\/11\/graf-po\u010das\u00ed-110717-1.png","_links":{"self":[{"href":"https:\/\/zakrasnejsivimperk.cz\/index.php?rest_route=\/wp\/v2\/posts\/103013"}],"collection":[{"href":"https:\/\/zakrasnejsivimperk.cz\/index.php?rest_route=\/wp\/v2\/posts"}],"about":[{"href":"https:\/\/zakrasnejsivimperk.cz\/index.php?rest_route=\/wp\/v2\/types\/post"}],"author":[{"embeddable":true,"href":"https:\/\/zakrasnejsivimperk.cz\/index.php?rest_route=\/wp\/v2\/users\/2"}],"replies":[{"embeddable":true,"href":"https:\/\/zakrasnejsivimperk.cz\/index.php?rest_route=%2Fwp%2Fv2%2Fcomments&post=103013"}],"version-history":[{"count":2,"href":"https:\/\/zakrasnejsivimperk.cz\/index.php?rest_route=\/wp\/v2\/posts\/103013\/revisions"}],"predecessor-version":[{"id":103017,"href":"https:\/\/zakrasnejsivimperk.cz\/index.php?rest_route=\/wp\/v2\/posts\/103013\/revisions\/103017"}],"wp:featuredmedia":[{"embeddable":true,"href":"https:\/\/zakrasnejsivimperk.cz\/index.php?rest_route=\/wp\/v2\/media\/103015"}],"wp:attachment":[{"href":"https:\/\/zakrasnejsivimperk.cz\/index.php?rest_route=%2Fwp%2Fv2%2Fmedia&parent=103013"}],"wp:term":[{"taxonomy":"category","embeddable":true,"href":"https:\/\/zakrasnejsivimperk.cz\/index.php?rest_route=%2Fwp%2Fv2%2Fcategories&post=103013"},{"taxonomy":"post_tag","embeddable":true,"href":"https:\/\/zakrasnejsivimperk.cz\/index.php?rest_route=%2Fwp%2Fv2%2Ftags&post=103013"}],"curies":[{"name":"wp","href":"https:\/\/api.w.org\/{rel}","templated":true}]}}